{"id":9629,"date":"2021-03-23T15:00:06","date_gmt":"2021-03-23T12:00:06","guid":{"rendered":"http:\/\/www.getts.ro\/highlights\/?p=9629"},"modified":"2021-03-23T16:23:02","modified_gmt":"2021-03-23T13:23:02","slug":"aparitiile-de-la-premiile-grammy-2021-2","status":"publish","type":"post","link":"https:\/\/www.getts.ro\/highlights\/aparitiile-de-la-premiile-grammy-2021-2\/","title":{"rendered":"Aparitiile de la premiile Grammy 2021"},"content":{"rendered":"<p>A\u0219a cum era de a\u0219teptat, \u0219i cea de-a 63-a edi\u021bie a premiilor mult a\u0219teptate din industria muzical\u0103, Grammy, au avut loc \u00eentr-un format par\u021bial digital, rezult\u00e2nd un mix efervescent\u00a0 al apari\u021biilor pe covorul ro\u0219u.<\/p>\n<p>Ceremonia, desf\u0103\u0219urat\u0103 \u00een Los Angeles Convention Center a fost bogat\u0103 \u00een apari\u021bii spectaculoase, colorate \u0219i \u00eendr\u0103zne\u021be iar m\u0103\u0219tile de protec\u021bie purtate de c\u0103tre arti\u0219ti au furat toate privirile. De\u0219i mul\u021bi nominaliza\u021bi au participat la show-ul muzical din propria cas\u0103, arti\u0219tii care au \u201dfurat\u201d scena cu mult a\u0219teptatele interpret\u0103ri precum \u0219i prezentatorii, au onorat covorul ro\u0219u \u0219i au reu\u0219it s\u0103 creeze o noapte memorabil\u0103. Cei mai aclama\u021bi arti\u0219ti precum Taylor Swift, Harry Styles, Dua Lipa, Megan Thee Stallion, Billie Eilish \u0219i mul\u021bi al\u021bii au furat toate privirile atunci c\u00e2nd \u0219i-au afi\u0219at \u021binutele demne de o asemenea ceremonie.<\/p>\n<p><strong>Mai jos, pute\u021bi admira apari\u021biile care au reprezentat cu des\u0103v\u00e2r\u0219ire extravagan\u021ba specific\u0103 premiilor Grammy:<\/strong><\/p>\n<p><strong>\u00a0 \u00a0 \u00a0 \u00a0 \u00a0 \u00a0 \u00a0 \u00a0 \u00a0 \u00a0 \u00a0 \u00a0 \u00a0 \u00a0 \u00a0 \u00a0 \u00a0 \u00a0 \u00a0 \u00a0 \u00a0 \u00a0 \u00a0 \u00a0 \u00a0 \u00a0 \u00a0 \u00a0 \u00a0 \u00a0 \u00a0 \u00a0 \u00a0 \u00a0 \u00a0 \u00a0<\/strong><\/p>\n<div id='gallery-1' class='gallery galleryid-9629 gallery-columns-3 gallery-size-full'><dl class='gallery-item'>\n\t\t\t<dt class='gallery-icon portrait'>\n\t\t\t\t<a href='https:\/\/getts.ro\/highlights\/wp-content\/uploads\/2021\/03\/117575071_ts-e1616496837616.jpg'><img loading=\"lazy\" decoding=\"async\" width=\"700\" height=\"1004\" src=\"https:\/\/getts.ro\/highlights\/wp-content\/uploads\/2021\/03\/117575071_ts-e1616496837616.jpg\" class=\"attachment-full size-full\" alt=\"Aparitiile de la premiile Grammy 2021\" \/><\/a>\n\t\t\t<\/dt><\/dl><dl class='gallery-item'>\n\t\t\t<dt class='gallery-icon portrait'>\n\t\t\t\t<a href='https:\/\/getts.ro\/highlights\/wp-content\/uploads\/2021\/03\/117575038_billie2-e1616497142425.jpg'><img loading=\"lazy\" decoding=\"async\" width=\"700\" height=\"1377\" src=\"https:\/\/getts.ro\/highlights\/wp-content\/uploads\/2021\/03\/117575038_billie2-e1616497142425.jpg\" class=\"attachment-full size-full\" alt=\"Aparitiile de la premiile Grammy 2021\" \/><\/a>\n\t\t\t<\/dt><\/dl><dl class='gallery-item'>\n\t\t\t<dt class='gallery-icon portrait'>\n\t\t\t\t<a href='https:\/\/getts.ro\/highlights\/wp-content\/uploads\/2021\/03\/IMG_2301-scaled-e1616497760991.jpg'><img loading=\"lazy\" decoding=\"async\" width=\"700\" height=\"898\" src=\"https:\/\/getts.ro\/highlights\/wp-content\/uploads\/2021\/03\/IMG_2301-scaled-e1616497760991.jpg\" class=\"attachment-full size-full\" alt=\"Aparitiile de la premiile Grammy 2021\" \/><\/a>\n\t\t\t<\/dt><\/dl><br style=\"clear: both\" \/>\n\t\t<\/div>\n\n<div id='gallery-2' class='gallery galleryid-9629 gallery-columns-3 gallery-size-full'><dl class='gallery-item'>\n\t\t\t<dt class='gallery-icon portrait'>\n\t\t\t\t<a href='https:\/\/getts.ro\/highlights\/wp-content\/uploads\/2021\/03\/117575041_dababy-e1616497803140.jpg'><img loading=\"lazy\" decoding=\"async\" width=\"700\" height=\"1377\" src=\"https:\/\/getts.ro\/highlights\/wp-content\/uploads\/2021\/03\/117575041_dababy-e1616497803140.jpg\" class=\"attachment-full size-full\" alt=\"Aparitiile de la premiile Grammy 2021\" \/><\/a>\n\t\t\t<\/dt><\/dl><dl class='gallery-item'>\n\t\t\t<dt class='gallery-icon portrait'>\n\t\t\t\t<a href='https:\/\/getts.ro\/highlights\/wp-content\/uploads\/2021\/03\/dua-lipa-attends-the-63rd-annual-grammy-awards-at-los-news-photo-1615767984_.jpg'><img loading=\"lazy\" decoding=\"async\" width=\"640\" height=\"960\" src=\"https:\/\/getts.ro\/highlights\/wp-content\/uploads\/2021\/03\/dua-lipa-attends-the-63rd-annual-grammy-awards-at-los-news-photo-1615767984_.jpg\" class=\"attachment-full size-full\" alt=\"Aparitiile de la premiile Grammy 2021\" srcset=\"https:\/\/getts.ro\/highlights\/wp-content\/uploads\/2021\/03\/dua-lipa-attends-the-63rd-annual-grammy-awards-at-los-news-photo-1615767984_.jpg 640w, https:\/\/getts.ro\/highlights\/wp-content\/uploads\/2021\/03\/dua-lipa-attends-the-63rd-annual-grammy-awards-at-los-news-photo-1615767984_-200x300.jpg 200w\" sizes=\"auto, (max-width: 640px) 100vw, 640px\" \/><\/a>\n\t\t\t<\/dt><\/dl><dl class='gallery-item'>\n\t\t\t<dt class='gallery-icon portrait'>\n\t\t\t\t<a href='https:\/\/getts.ro\/highlights\/wp-content\/uploads\/2021\/03\/image-e1616497904795.jpg'><img loading=\"lazy\" decoding=\"async\" width=\"700\" height=\"1050\" src=\"https:\/\/getts.ro\/highlights\/wp-content\/uploads\/2021\/03\/image-e1616497904795.jpg\" class=\"attachment-full size-full\" alt=\"Aparitiile de la premiile Grammy 2021\" \/><\/a>\n\t\t\t<\/dt><\/dl><br style=\"clear: both\" \/>\n\t\t<\/div>\n\n<p>&nbsp;<\/p>\n<p>&nbsp;<\/p>\n<p>&nbsp;<\/p>\n<p>&nbsp;<\/p>\n<div id='gallery-3' class='gallery galleryid-9629 gallery-columns-4 gallery-size-full'><dl class='gallery-item'>\n\t\t\t<dt class='gallery-icon portrait'>\n\t\t\t\t<a href='https:\/\/getts.ro\/highlights\/wp-content\/uploads\/2021\/03\/IMG_2313-scaled-e1616497945280.jpg'><img loading=\"lazy\" decoding=\"async\" width=\"700\" height=\"934\" src=\"https:\/\/getts.ro\/highlights\/wp-content\/uploads\/2021\/03\/IMG_2313-scaled-e1616497945280.jpg\" class=\"attachment-full size-full\" alt=\"Aparitiile de la premiile Grammy 2021\" \/><\/a>\n\t\t\t<\/dt><\/dl><dl class='gallery-item'>\n\t\t\t<dt class='gallery-icon portrait'>\n\t\t\t\t<a href='https:\/\/getts.ro\/highlights\/wp-content\/uploads\/2021\/03\/image-2-e1616498032703.jpg'><img loading=\"lazy\" decoding=\"async\" width=\"700\" height=\"1050\" src=\"https:\/\/getts.ro\/highlights\/wp-content\/uploads\/2021\/03\/image-2-e1616498032703.jpg\" class=\"attachment-full size-full\" alt=\"Aparitiile de la premiile Grammy 2021\" \/><\/a>\n\t\t\t<\/dt><\/dl><dl class='gallery-item'>\n\t\t\t<dt class='gallery-icon portrait'>\n\t\t\t\t<a href='https:\/\/getts.ro\/highlights\/wp-content\/uploads\/2021\/03\/rs_634x1024-210314171420-634-Anderson-.Paak-Bruno-Mars-2021-Grammy-Awards-Red-Carpet-Fashion.jpg'><img loading=\"lazy\" decoding=\"async\" width=\"634\" height=\"1024\" src=\"https:\/\/getts.ro\/highlights\/wp-content\/uploads\/2021\/03\/rs_634x1024-210314171420-634-Anderson-.Paak-Bruno-Mars-2021-Grammy-Awards-Red-Carpet-Fashion.jpg\" class=\"attachment-full size-full\" alt=\"Aparitiile de la premiile Grammy 2021\" srcset=\"https:\/\/getts.ro\/highlights\/wp-content\/uploads\/2021\/03\/rs_634x1024-210314171420-634-Anderson-.Paak-Bruno-Mars-2021-Grammy-Awards-Red-Carpet-Fashion.jpg 634w, https:\/\/getts.ro\/highlights\/wp-content\/uploads\/2021\/03\/rs_634x1024-210314171420-634-Anderson-.Paak-Bruno-Mars-2021-Grammy-Awards-Red-Carpet-Fashion-186x300.jpg 186w\" sizes=\"auto, (max-width: 634px) 100vw, 634px\" \/><\/a>\n\t\t\t<\/dt><\/dl><dl class='gallery-item'>\n\t\t\t<dt class='gallery-icon portrait'>\n\t\t\t\t<a href='https:\/\/getts.ro\/highlights\/wp-content\/uploads\/2021\/03\/image-1-e1616498103810.jpg'><img loading=\"lazy\" decoding=\"async\" width=\"700\" height=\"1050\" src=\"https:\/\/getts.ro\/highlights\/wp-content\/uploads\/2021\/03\/image-1-e1616498103810.jpg\" class=\"attachment-full size-full\" alt=\"Aparitiile de la premiile Grammy 2021\" \/><\/a>\n\t\t\t<\/dt><\/dl><br style=\"clear: both\" \/>\n\t\t<\/div>\n\n<hr \/>\n<p>Text: Mihaela Tudorache<\/p>\n<!-- AddThis Advanced Settings generic via filter on the_content --><!-- AddThis Share Buttons generic via filter on the_content -->","protected":false},"excerpt":{"rendered":"<p>A\u0219a cum era de a\u0219teptat, \u0219i cea de-a 63-a edi\u021bie a premiilor mult a\u0219teptate din industria muzical\u0103, Grammy, au avut&#8230;<!-- AddThis Advanced Settings generic via filter on get_the_excerpt --><!-- AddThis Share Buttons generic via filter on get_the_excerpt --><\/p>\n","protected":false},"author":1,"featured_media":9617,"comment_status":"closed","ping_status":"closed","sticky":false,"template":"","format":"standard","meta":{"footnotes":""},"categories":[14],"tags":[183,121,410,795,796,173,223],"class_list":["post-9629","post","type-post","status-publish","format-standard","has-post-thumbnail","hentry","category-international","tag-celebrities","tag-fashion","tag-grammy","tag-grammy-awards","tag-hair-style","tag-red-carpet","tag-style"],"yoast_head":"<!-- This site is optimized with the Yoast SEO plugin v24.3 - https:\/\/yoast.com\/wordpress\/plugins\/seo\/ -->\n<title>Aparitiile de la premiile Grammy 2021 - GETT&#039;S Highlights<\/title>\n<meta name=\"description\" content=\"Aparitiile de la premiile Grammy 2021\" \/>\n<meta name=\"robots\" content=\"index, follow, max-snippet:-1, max-image-preview:large, max-video-preview:-1\" \/>\n<link rel=\"canonical\" href=\"https:\/\/www.getts.ro\/highlights\/aparitiile-de-la-premiile-grammy-2021-2\/\" \/>\n<meta property=\"og:locale\" content=\"en_US\" \/>\n<meta property=\"og:type\" content=\"article\" \/>\n<meta property=\"og:title\" content=\"Aparitiile de la premiile Grammy 2021 - GETT&#039;S Highlights\" \/>\n<meta property=\"og:description\" content=\"Aparitiile de la premiile Grammy 2021\" \/>\n<meta property=\"og:url\" content=\"https:\/\/www.getts.ro\/highlights\/aparitiile-de-la-premiile-grammy-2021-2\/\" \/>\n<meta property=\"og:site_name\" content=\"GETT&#039;S Highlights\" \/>\n<meta property=\"article:published_time\" content=\"2021-03-23T12:00:06+00:00\" \/>\n<meta property=\"article:modified_time\" content=\"2021-03-23T13:23:02+00:00\" \/>\n<meta property=\"og:image\" content=\"https:\/\/getts.ro\/highlights\/wp-content\/uploads\/2021\/03\/Untitled-collage-87.jpg\" \/>\n\t<meta property=\"og:image:width\" content=\"900\" \/>\n\t<meta property=\"og:image:height\" content=\"511\" \/>\n\t<meta property=\"og:image:type\" content=\"image\/jpeg\" \/>\n<meta name=\"author\" content=\"admin\" \/>\n<meta name=\"twitter:card\" content=\"summary_large_image\" \/>\n<meta name=\"twitter:label1\" content=\"Written by\" \/>\n\t<meta name=\"twitter:data1\" content=\"admin\" \/>\n\t<meta name=\"twitter:label2\" content=\"Est. reading time\" \/>\n\t<meta name=\"twitter:data2\" content=\"1 minute\" \/>\n<script type=\"application\/ld+json\" class=\"yoast-schema-graph\">{\"@context\":\"https:\/\/schema.org\",\"@graph\":[{\"@type\":\"WebPage\",\"@id\":\"https:\/\/www.getts.ro\/highlights\/aparitiile-de-la-premiile-grammy-2021-2\/\",\"url\":\"https:\/\/www.getts.ro\/highlights\/aparitiile-de-la-premiile-grammy-2021-2\/\",\"name\":\"Aparitiile de la premiile Grammy 2021 - GETT&#039;S Highlights\",\"isPartOf\":{\"@id\":\"https:\/\/www.getts.ro\/highlights\/#website\"},\"primaryImageOfPage\":{\"@id\":\"https:\/\/www.getts.ro\/highlights\/aparitiile-de-la-premiile-grammy-2021-2\/#primaryimage\"},\"image\":{\"@id\":\"https:\/\/www.getts.ro\/highlights\/aparitiile-de-la-premiile-grammy-2021-2\/#primaryimage\"},\"thumbnailUrl\":\"https:\/\/getts.ro\/highlights\/wp-content\/uploads\/2021\/03\/Untitled-collage-87.jpg\",\"datePublished\":\"2021-03-23T12:00:06+00:00\",\"dateModified\":\"2021-03-23T13:23:02+00:00\",\"author\":{\"@id\":\"https:\/\/www.getts.ro\/highlights\/#\/schema\/person\/227b6821cfa1a7eff96f7fe69d73ad5d\"},\"description\":\"Aparitiile de la premiile Grammy 2021\",\"breadcrumb\":{\"@id\":\"https:\/\/www.getts.ro\/highlights\/aparitiile-de-la-premiile-grammy-2021-2\/#breadcrumb\"},\"inLanguage\":\"en-US\",\"potentialAction\":[{\"@type\":\"ReadAction\",\"target\":[\"https:\/\/www.getts.ro\/highlights\/aparitiile-de-la-premiile-grammy-2021-2\/\"]}]},{\"@type\":\"ImageObject\",\"inLanguage\":\"en-US\",\"@id\":\"https:\/\/www.getts.ro\/highlights\/aparitiile-de-la-premiile-grammy-2021-2\/#primaryimage\",\"url\":\"https:\/\/getts.ro\/highlights\/wp-content\/uploads\/2021\/03\/Untitled-collage-87.jpg\",\"contentUrl\":\"https:\/\/getts.ro\/highlights\/wp-content\/uploads\/2021\/03\/Untitled-collage-87.jpg\",\"width\":900,\"height\":511,\"caption\":\"Aparitiile de la premiile Grammy 2021\"},{\"@type\":\"BreadcrumbList\",\"@id\":\"https:\/\/www.getts.ro\/highlights\/aparitiile-de-la-premiile-grammy-2021-2\/#breadcrumb\",\"itemListElement\":[{\"@type\":\"ListItem\",\"position\":1,\"name\":\"Home\",\"item\":\"https:\/\/www.getts.ro\/highlights\/\"},{\"@type\":\"ListItem\",\"position\":2,\"name\":\"Aparitiile de la premiile Grammy 2021\"}]},{\"@type\":\"WebSite\",\"@id\":\"https:\/\/www.getts.ro\/highlights\/#website\",\"url\":\"https:\/\/www.getts.ro\/highlights\/\",\"name\":\"GETT&#039;S Highlights\",\"description\":\"\",\"potentialAction\":[{\"@type\":\"SearchAction\",\"target\":{\"@type\":\"EntryPoint\",\"urlTemplate\":\"https:\/\/www.getts.ro\/highlights\/?s={search_term_string}\"},\"query-input\":{\"@type\":\"PropertyValueSpecification\",\"valueRequired\":true,\"valueName\":\"search_term_string\"}}],\"inLanguage\":\"en-US\"},{\"@type\":\"Person\",\"@id\":\"https:\/\/www.getts.ro\/highlights\/#\/schema\/person\/227b6821cfa1a7eff96f7fe69d73ad5d\",\"name\":\"admin\",\"image\":{\"@type\":\"ImageObject\",\"inLanguage\":\"en-US\",\"@id\":\"https:\/\/www.getts.ro\/highlights\/#\/schema\/person\/image\/\",\"url\":\"https:\/\/secure.gravatar.com\/avatar\/e16ffa47ceab26fc5e496b00edde61b0?s=96&d=mm&r=g\",\"contentUrl\":\"https:\/\/secure.gravatar.com\/avatar\/e16ffa47ceab26fc5e496b00edde61b0?s=96&d=mm&r=g\",\"caption\":\"admin\"},\"url\":\"https:\/\/www.getts.ro\/highlights\/author\/admin\/\"}]}<\/script>\n<!-- \/ Yoast SEO plugin. -->","yoast_head_json":{"title":"Aparitiile de la premiile Grammy 2021 - GETT&#039;S Highlights","description":"Aparitiile de la premiile Grammy 2021","robots":{"index":"index","follow":"follow","max-snippet":"max-snippet:-1","max-image-preview":"max-image-preview:large","max-video-preview":"max-video-preview:-1"},"canonical":"https:\/\/www.getts.ro\/highlights\/aparitiile-de-la-premiile-grammy-2021-2\/","og_locale":"en_US","og_type":"article","og_title":"Aparitiile de la premiile Grammy 2021 - GETT&#039;S Highlights","og_description":"Aparitiile de la premiile Grammy 2021","og_url":"https:\/\/www.getts.ro\/highlights\/aparitiile-de-la-premiile-grammy-2021-2\/","og_site_name":"GETT&#039;S Highlights","article_published_time":"2021-03-23T12:00:06+00:00","article_modified_time":"2021-03-23T13:23:02+00:00","og_image":[{"width":900,"height":511,"url":"https:\/\/getts.ro\/highlights\/wp-content\/uploads\/2021\/03\/Untitled-collage-87.jpg","type":"image\/jpeg"}],"author":"admin","twitter_card":"summary_large_image","twitter_misc":{"Written by":"admin","Est. reading time":"1 minute"},"schema":{"@context":"https:\/\/schema.org","@graph":[{"@type":"WebPage","@id":"https:\/\/www.getts.ro\/highlights\/aparitiile-de-la-premiile-grammy-2021-2\/","url":"https:\/\/www.getts.ro\/highlights\/aparitiile-de-la-premiile-grammy-2021-2\/","name":"Aparitiile de la premiile Grammy 2021 - GETT&#039;S Highlights","isPartOf":{"@id":"https:\/\/www.getts.ro\/highlights\/#website"},"primaryImageOfPage":{"@id":"https:\/\/www.getts.ro\/highlights\/aparitiile-de-la-premiile-grammy-2021-2\/#primaryimage"},"image":{"@id":"https:\/\/www.getts.ro\/highlights\/aparitiile-de-la-premiile-grammy-2021-2\/#primaryimage"},"thumbnailUrl":"https:\/\/getts.ro\/highlights\/wp-content\/uploads\/2021\/03\/Untitled-collage-87.jpg","datePublished":"2021-03-23T12:00:06+00:00","dateModified":"2021-03-23T13:23:02+00:00","author":{"@id":"https:\/\/www.getts.ro\/highlights\/#\/schema\/person\/227b6821cfa1a7eff96f7fe69d73ad5d"},"description":"Aparitiile de la premiile Grammy 2021","breadcrumb":{"@id":"https:\/\/www.getts.ro\/highlights\/aparitiile-de-la-premiile-grammy-2021-2\/#breadcrumb"},"inLanguage":"en-US","potentialAction":[{"@type":"ReadAction","target":["https:\/\/www.getts.ro\/highlights\/aparitiile-de-la-premiile-grammy-2021-2\/"]}]},{"@type":"ImageObject","inLanguage":"en-US","@id":"https:\/\/www.getts.ro\/highlights\/aparitiile-de-la-premiile-grammy-2021-2\/#primaryimage","url":"https:\/\/getts.ro\/highlights\/wp-content\/uploads\/2021\/03\/Untitled-collage-87.jpg","contentUrl":"https:\/\/getts.ro\/highlights\/wp-content\/uploads\/2021\/03\/Untitled-collage-87.jpg","width":900,"height":511,"caption":"Aparitiile de la premiile Grammy 2021"},{"@type":"BreadcrumbList","@id":"https:\/\/www.getts.ro\/highlights\/aparitiile-de-la-premiile-grammy-2021-2\/#breadcrumb","itemListElement":[{"@type":"ListItem","position":1,"name":"Home","item":"https:\/\/www.getts.ro\/highlights\/"},{"@type":"ListItem","position":2,"name":"Aparitiile de la premiile Grammy 2021"}]},{"@type":"WebSite","@id":"https:\/\/www.getts.ro\/highlights\/#website","url":"https:\/\/www.getts.ro\/highlights\/","name":"GETT&#039;S Highlights","description":"","potentialAction":[{"@type":"SearchAction","target":{"@type":"EntryPoint","urlTemplate":"https:\/\/www.getts.ro\/highlights\/?s={search_term_string}"},"query-input":{"@type":"PropertyValueSpecification","valueRequired":true,"valueName":"search_term_string"}}],"inLanguage":"en-US"},{"@type":"Person","@id":"https:\/\/www.getts.ro\/highlights\/#\/schema\/person\/227b6821cfa1a7eff96f7fe69d73ad5d","name":"admin","image":{"@type":"ImageObject","inLanguage":"en-US","@id":"https:\/\/www.getts.ro\/highlights\/#\/schema\/person\/image\/","url":"https:\/\/secure.gravatar.com\/avatar\/e16ffa47ceab26fc5e496b00edde61b0?s=96&d=mm&r=g","contentUrl":"https:\/\/secure.gravatar.com\/avatar\/e16ffa47ceab26fc5e496b00edde61b0?s=96&d=mm&r=g","caption":"admin"},"url":"https:\/\/www.getts.ro\/highlights\/author\/admin\/"}]}},"_links":{"self":[{"href":"https:\/\/www.getts.ro\/highlights\/wp-json\/wp\/v2\/posts\/9629","targetHints":{"allow":["GET"]}}],"collection":[{"href":"https:\/\/www.getts.ro\/highlights\/wp-json\/wp\/v2\/posts"}],"about":[{"href":"https:\/\/www.getts.ro\/highlights\/wp-json\/wp\/v2\/types\/post"}],"author":[{"embeddable":true,"href":"https:\/\/www.getts.ro\/highlights\/wp-json\/wp\/v2\/users\/1"}],"replies":[{"embeddable":true,"href":"https:\/\/www.getts.ro\/highlights\/wp-json\/wp\/v2\/comments?post=9629"}],"version-history":[{"count":10,"href":"https:\/\/www.getts.ro\/highlights\/wp-json\/wp\/v2\/posts\/9629\/revisions"}],"predecessor-version":[{"id":9639,"href":"https:\/\/www.getts.ro\/highlights\/wp-json\/wp\/v2\/posts\/9629\/revisions\/9639"}],"wp:featuredmedia":[{"embeddable":true,"href":"https:\/\/www.getts.ro\/highlights\/wp-json\/wp\/v2\/media\/9617"}],"wp:attachment":[{"href":"https:\/\/www.getts.ro\/highlights\/wp-json\/wp\/v2\/media?parent=9629"}],"wp:term":[{"taxonomy":"category","embeddable":true,"href":"https:\/\/www.getts.ro\/highlights\/wp-json\/wp\/v2\/categories?post=9629"},{"taxonomy":"post_tag","embeddable":true,"href":"https:\/\/www.getts.ro\/highlights\/wp-json\/wp\/v2\/tags?post=9629"}],"curies":[{"name":"wp","href":"https:\/\/api.w.org\/{rel}","templated":true}]}}