{"id":9606,"date":"2021-03-23T14:22:47","date_gmt":"2021-03-23T11:22:47","guid":{"rendered":"http:\/\/www.getts.ro\/highlights\/?p=9606"},"modified":"2021-03-23T14:50:58","modified_gmt":"2021-03-23T11:50:58","slug":"aparitiile-de-la-premiile-grammy-2021","status":"publish","type":"post","link":"https:\/\/www.getts.ro\/highlights\/aparitiile-de-la-premiile-grammy-2021\/","title":{"rendered":"Aparitiile de la premiile Grammy 2021"},"content":{"rendered":"<p>A\u0219a cum era de a\u0219teptat, \u0219i cea de-a 63-a edi\u021bie a premiilor mult a\u0219teptate din industria muzical\u0103, Grammy, au avut loc \u00eentr-un format par\u021bial digital, rezult\u00e2nd un mix efervescent\u00a0 al apari\u021biilor pe covorul ro\u0219u.<\/p>\n<p>Ceremonia, desf\u0103\u0219urat\u0103 \u00een Los Angeles Convention Center a fost bogat\u0103 \u00een apari\u021bii spectaculoase, colorate \u0219i \u00eendr\u0103zne\u021be iar m\u0103\u0219tile de protec\u021bie purtate de c\u0103tre arti\u0219ti au furat toate privirile. De\u0219i mul\u021bi nominaliza\u021bi au participat la show-ul muzical din propria cas\u0103, arti\u0219tii care au \u201dfurat\u201d scena cu mult a\u0219teptatele interpret\u0103ri precum \u0219i prezentatorii, au onorat covorul ro\u0219u \u0219i au reu\u0219it s\u0103 creeze o noapte memorabil\u0103. Cei mai aclama\u021bi arti\u0219ti precum Taylor Swift, Harry Styles, Dua Lipa, Megan Thee Stallion, Billie Eilish \u0219i mul\u021bi al\u021bii au furat toate privirile atunci c\u00e2nd \u0219i-au afi\u0219at \u021binutele demne de o asemenea ceremonie.<\/p>\n<p><strong>Mai jos, pute\u021bi admira apari\u021biile care au reprezentat cu des\u0103v\u00e2r\u0219ire extravagan\u021ba specific\u0103 premiilor Grammy:<\/strong><\/p>\n<p><strong>1.Taylor Swift<\/strong><\/p>\n<p><a href=\"http:\/\/www.getts.ro\/highlights\/aparitiile-de-la-premiile-grammy-2021\/_117575071_ts\/#main\" rel=\"attachment wp-att-9607\"><img loading=\"lazy\" decoding=\"async\" class=\" wp-image-9607 alignleft\" src=\"https:\/\/getts.ro\/highlights\/wp-content\/uploads\/2021\/03\/117575071_ts-e1616496837616.jpg\" alt=\"Aparitiile de la premiile Grammy 2021\" width=\"543\" height=\"779\" \/><\/a><br \/>\n<strong>2. Billie Eilish<\/strong><\/p>\n<p><a href=\"http:\/\/www.getts.ro\/highlights\/aparitiile-de-la-premiile-grammy-2021\/_117575038_billie2\/#main\" rel=\"attachment wp-att-9608\"><img loading=\"lazy\" decoding=\"async\" class=\" wp-image-9608 alignleft\" src=\"https:\/\/getts.ro\/highlights\/wp-content\/uploads\/2021\/03\/117575038_billie2-e1616497142425.jpg\" alt=\"Aparitiile de la premiile Grammy 2021\" width=\"538\" height=\"1059\" \/><\/a><\/p>\n<p>&nbsp;<\/p>\n<p>&nbsp;<\/p>\n<p>&nbsp;<\/p>\n<p>&nbsp;<\/p>\n<p>&nbsp;<\/p>\n<p>&nbsp;<\/p>\n<p>&nbsp;<\/p>\n<p>&nbsp;<\/p>\n<p>&nbsp;<\/p>\n<p>&nbsp;<\/p>\n<p>&nbsp;<\/p>\n<p>&nbsp;<\/p>\n<p>&nbsp;<\/p>\n<p>&nbsp;<\/p>\n<p>&nbsp;<\/p>\n<p>&nbsp;<\/p>\n<p>&nbsp;<\/p>\n<p>&nbsp;<\/p>\n<p>&nbsp;<\/p>\n<p>&nbsp;<\/p>\n<p>&nbsp;<\/p>\n<p>&nbsp;<\/p>\n<p>&nbsp;<\/p>\n<p>&nbsp;<\/p>\n<p>&nbsp;<\/p>\n<p>&nbsp;<\/p>\n<p><strong>3. Harry Styles<\/strong><\/p>\n<p><a href=\"http:\/\/www.getts.ro\/highlights\/aparitiile-de-la-premiile-grammy-2021\/img_2301\/#main\" rel=\"attachment wp-att-9609\"><img loading=\"lazy\" decoding=\"async\" class=\" wp-image-9609 alignleft\" src=\"https:\/\/getts.ro\/highlights\/wp-content\/uploads\/2021\/03\/IMG_2301-scaled-e1616497760991.jpg\" alt=\"Aparitiile de la premiile Grammy 2021\" width=\"536\" height=\"687\" \/><\/a><\/p>\n<p><strong>4. DaBaby<\/strong><\/p>\n<p><a href=\"http:\/\/www.getts.ro\/highlights\/aparitiile-de-la-premiile-grammy-2021\/_117575041_dababy\/#main\" rel=\"attachment wp-att-9610\"><img loading=\"lazy\" decoding=\"async\" class=\" wp-image-9610 alignleft\" src=\"https:\/\/getts.ro\/highlights\/wp-content\/uploads\/2021\/03\/117575041_dababy-e1616497803140.jpg\" alt=\"Aparitiile de la premiile Grammy 2021\" width=\"536\" height=\"1055\" \/><\/a><\/p>\n<p>&nbsp;<\/p>\n<p>&nbsp;<\/p>\n<p>&nbsp;<\/p>\n<p>&nbsp;<\/p>\n<p>&nbsp;<\/p>\n<p>&nbsp;<\/p>\n<p>&nbsp;<\/p>\n<p>&nbsp;<\/p>\n<p>&nbsp;<\/p>\n<p>&nbsp;<\/p>\n<p>&nbsp;<\/p>\n<p>&nbsp;<\/p>\n<p>&nbsp;<\/p>\n<p>&nbsp;<\/p>\n<p>&nbsp;<\/p>\n<p>&nbsp;<\/p>\n<p>&nbsp;<\/p>\n<p>&nbsp;<\/p>\n<p>&nbsp;<\/p>\n<p>&nbsp;<\/p>\n<p>&nbsp;<\/p>\n<p>&nbsp;<\/p>\n<p>&nbsp;<\/p>\n<p>&nbsp;<\/p>\n<p>&nbsp;<\/p>\n<p>&nbsp;<\/p>\n<p><strong>5. Dua Lipa<\/strong><\/p>\n<p><a href=\"http:\/\/www.getts.ro\/highlights\/aparitiile-de-la-premiile-grammy-2021\/dua-lipa-attends-the-63rd-annual-grammy-awards-at-los-news-photo-1615767984_\/#main\" rel=\"attachment wp-att-9611\"><img loading=\"lazy\" decoding=\"async\" class=\" wp-image-9611 alignleft\" src=\"https:\/\/getts.ro\/highlights\/wp-content\/uploads\/2021\/03\/dua-lipa-attends-the-63rd-annual-grammy-awards-at-los-news-photo-1615767984_.jpg\" alt=\"Aparitiile de la premiile Grammy 2021\" width=\"537\" height=\"806\" srcset=\"https:\/\/getts.ro\/highlights\/wp-content\/uploads\/2021\/03\/dua-lipa-attends-the-63rd-annual-grammy-awards-at-los-news-photo-1615767984_.jpg 640w, https:\/\/getts.ro\/highlights\/wp-content\/uploads\/2021\/03\/dua-lipa-attends-the-63rd-annual-grammy-awards-at-los-news-photo-1615767984_-200x300.jpg 200w\" sizes=\"auto, (max-width: 537px) 100vw, 537px\" \/><\/a><\/p>\n<p><strong>6. Beyonce<\/strong><\/p>\n<p><a href=\"http:\/\/www.getts.ro\/highlights\/aparitiile-de-la-premiile-grammy-2021\/img_2313\/#main\" rel=\"attachment wp-att-9613\"><img loading=\"lazy\" decoding=\"async\" class=\" wp-image-9613 alignleft\" src=\"https:\/\/getts.ro\/highlights\/wp-content\/uploads\/2021\/03\/IMG_2313-scaled-e1616497945280.jpg\" alt=\"Aparitiile de la premiile Grammy 2021\" width=\"539\" height=\"719\" \/><\/a><\/p>\n<p>&nbsp;<\/p>\n<p>&nbsp;<\/p>\n<p>&nbsp;<\/p>\n<p>&nbsp;<\/p>\n<p>&nbsp;<\/p>\n<p>&nbsp;<\/p>\n<p>&nbsp;<\/p>\n<p>&nbsp;<\/p>\n<p>&nbsp;<\/p>\n<p>&nbsp;<\/p>\n<p>&nbsp;<\/p>\n<p>&nbsp;<\/p>\n<p>&nbsp;<\/p>\n<p>&nbsp;<\/p>\n<p>&nbsp;<\/p>\n<p>&nbsp;<\/p>\n<p>&nbsp;<\/p>\n<p>&nbsp;<\/p>\n<p>&nbsp;<\/p>\n<p><strong>7. H.E.R<\/strong><\/p>\n<p><a href=\"http:\/\/www.getts.ro\/highlights\/aparitiile-de-la-premiile-grammy-2021\/63rd-annual-grammy-awards-arrivals\/#main\" rel=\"attachment wp-att-9612\"><img loading=\"lazy\" decoding=\"async\" class=\" wp-image-9612 alignleft\" src=\"https:\/\/getts.ro\/highlights\/wp-content\/uploads\/2021\/03\/image-e1616497904795.jpg\" alt=\"Aparitiile de la premiile Grammy 2021\" width=\"536\" height=\"804\" \/><\/a><\/p>\n<p><strong>8. Bruno Mars &amp; Anderson. Paak<\/strong><\/p>\n<p><a href=\"http:\/\/www.getts.ro\/highlights\/aparitiile-de-la-premiile-grammy-2021\/rs_634x1024-210314171420-634-anderson-paak-bruno-mars-2021-grammy-awards-red-carpet-fashion\/#main\" rel=\"attachment wp-att-9615\"><img loading=\"lazy\" decoding=\"async\" class=\" wp-image-9615 alignleft\" src=\"https:\/\/getts.ro\/highlights\/wp-content\/uploads\/2021\/03\/rs_634x1024-210314171420-634-Anderson-.Paak-Bruno-Mars-2021-Grammy-Awards-Red-Carpet-Fashion.jpg\" alt=\"Aparitiile de la premiile Grammy 2021\" width=\"537\" height=\"868\" srcset=\"https:\/\/getts.ro\/highlights\/wp-content\/uploads\/2021\/03\/rs_634x1024-210314171420-634-Anderson-.Paak-Bruno-Mars-2021-Grammy-Awards-Red-Carpet-Fashion.jpg 634w, https:\/\/getts.ro\/highlights\/wp-content\/uploads\/2021\/03\/rs_634x1024-210314171420-634-Anderson-.Paak-Bruno-Mars-2021-Grammy-Awards-Red-Carpet-Fashion-186x300.jpg 186w\" sizes=\"auto, (max-width: 537px) 100vw, 537px\" \/><\/a><\/p>\n<p>&nbsp;<\/p>\n<p>&nbsp;<\/p>\n<p>&nbsp;<\/p>\n<p>&nbsp;<\/p>\n<p>&nbsp;<\/p>\n<p>&nbsp;<\/p>\n<p>&nbsp;<\/p>\n<p>&nbsp;<\/p>\n<p>&nbsp;<\/p>\n<p>&nbsp;<\/p>\n<p>&nbsp;<\/p>\n<p>&nbsp;<\/p>\n<p>&nbsp;<\/p>\n<p>&nbsp;<\/p>\n<p>&nbsp;<\/p>\n<p>&nbsp;<\/p>\n<p>&nbsp;<\/p>\n<p>&nbsp;<\/p>\n<p>&nbsp;<\/p>\n<p>&nbsp;<\/p>\n<p>&nbsp;<\/p>\n<p>&nbsp;<\/p>\n<p>&nbsp;<\/p>\n<p><strong>9. Meghan Thee Stallion<\/strong><\/p>\n<p><a href=\"http:\/\/www.getts.ro\/highlights\/aparitiile-de-la-premiile-grammy-2021\/63rd-annual-grammy-awards-arrivals-2\/#main\" rel=\"attachment wp-att-9614\"><img loading=\"lazy\" decoding=\"async\" class=\" wp-image-9614 alignleft\" src=\"https:\/\/getts.ro\/highlights\/wp-content\/uploads\/2021\/03\/image-2-e1616498032703.jpg\" alt=\"Aparitiile de la premiile Grammy 2021\" width=\"534\" height=\"801\" \/><\/a><\/p>\n<p><strong>10. Noah Cyrus<\/strong><\/p>\n<p><a href=\"http:\/\/www.getts.ro\/highlights\/aparitiile-de-la-premiile-grammy-2021\/image-1\/#main\" rel=\"attachment wp-att-9616\"><img loading=\"lazy\" decoding=\"async\" class=\" wp-image-9616 alignleft\" src=\"https:\/\/getts.ro\/highlights\/wp-content\/uploads\/2021\/03\/image-1-e1616498103810.jpg\" alt=\"Aparitiile de la premiile Grammy 2021\" width=\"537\" height=\"806\" \/><\/a><\/p>\n<p>&nbsp;<\/p>\n<p>&nbsp;<\/p>\n<p>&nbsp;<\/p>\n<p>&nbsp;<\/p>\n<p>&nbsp;<\/p>\n<p>&nbsp;<\/p>\n<p>&nbsp;<\/p>\n<p>&nbsp;<\/p>\n<p>&nbsp;<\/p>\n<p>&nbsp;<\/p>\n<p>&nbsp;<\/p>\n<p>&nbsp;<\/p>\n<p>&nbsp;<\/p>\n<p>&nbsp;<\/p>\n<p>&nbsp;<\/p>\n<p>&nbsp;<\/p>\n<p>&nbsp;<\/p>\n<p>&nbsp;<\/p>\n<p>&nbsp;<\/p>\n<p>&nbsp;<\/p>\n<p>&nbsp;<\/p>\n<hr \/>\n<p><strong>Text: Mihaela Tudorache<\/strong><\/p>\n<!-- AddThis Advanced Settings generic via filter on the_content --><!-- AddThis Share Buttons generic via filter on the_content -->","protected":false},"excerpt":{"rendered":"<p>A\u0219a cum era de a\u0219teptat, \u0219i cea de-a 63-a edi\u021bie a premiilor mult a\u0219teptate din industria muzical\u0103, Grammy, au avut&#8230;<!-- AddThis Advanced Settings generic via filter on get_the_excerpt --><!-- AddThis Share Buttons generic via filter on get_the_excerpt --><\/p>\n","protected":false},"author":1,"featured_media":9617,"comment_status":"closed","ping_status":"closed","sticky":false,"template":"","format":"standard","meta":{"footnotes":""},"categories":[14],"tags":[183,182,121,795,145,173,154],"class_list":["post-9606","post","type-post","status-publish","format-standard","has-post-thumbnail","hentry","category-international","tag-celebrities","tag-celebrities-hair","tag-fashion","tag-grammy-awards","tag-hairstyle","tag-red-carpet","tag-trends"],"yoast_head":"<!-- This site is optimized with the Yoast SEO plugin v24.3 - https:\/\/yoast.com\/wordpress\/plugins\/seo\/ -->\n<title>Aparitiile de la premiile Grammy 2021 - GETT&#039;S Highlights<\/title>\n<meta name=\"description\" content=\"Aparitiile de la premiile Grammy 2021\" \/>\n<meta name=\"robots\" content=\"index, follow, max-snippet:-1, max-image-preview:large, max-video-preview:-1\" \/>\n<link rel=\"canonical\" href=\"https:\/\/www.getts.ro\/highlights\/aparitiile-de-la-premiile-grammy-2021\/\" \/>\n<meta property=\"og:locale\" content=\"en_US\" \/>\n<meta property=\"og:type\" content=\"article\" \/>\n<meta property=\"og:title\" content=\"Aparitiile de la premiile Grammy 2021 - GETT&#039;S Highlights\" \/>\n<meta property=\"og:description\" content=\"Aparitiile de la premiile Grammy 2021\" \/>\n<meta property=\"og:url\" content=\"https:\/\/www.getts.ro\/highlights\/aparitiile-de-la-premiile-grammy-2021\/\" \/>\n<meta property=\"og:site_name\" content=\"GETT&#039;S Highlights\" \/>\n<meta property=\"article:published_time\" content=\"2021-03-23T11:22:47+00:00\" \/>\n<meta property=\"article:modified_time\" content=\"2021-03-23T11:50:58+00:00\" \/>\n<meta property=\"og:image\" content=\"https:\/\/getts.ro\/highlights\/wp-content\/uploads\/2021\/03\/Untitled-collage-87.jpg\" \/>\n\t<meta property=\"og:image:width\" content=\"900\" \/>\n\t<meta property=\"og:image:height\" content=\"511\" \/>\n\t<meta property=\"og:image:type\" content=\"image\/jpeg\" \/>\n<meta name=\"author\" content=\"admin\" \/>\n<meta name=\"twitter:card\" content=\"summary_large_image\" \/>\n<meta name=\"twitter:label1\" content=\"Written by\" \/>\n\t<meta name=\"twitter:data1\" content=\"admin\" \/>\n\t<meta name=\"twitter:label2\" content=\"Est. reading time\" \/>\n\t<meta name=\"twitter:data2\" content=\"3 minutes\" \/>\n<script type=\"application\/ld+json\" class=\"yoast-schema-graph\">{\"@context\":\"https:\/\/schema.org\",\"@graph\":[{\"@type\":\"WebPage\",\"@id\":\"https:\/\/www.getts.ro\/highlights\/aparitiile-de-la-premiile-grammy-2021\/\",\"url\":\"https:\/\/www.getts.ro\/highlights\/aparitiile-de-la-premiile-grammy-2021\/\",\"name\":\"Aparitiile de la premiile Grammy 2021 - GETT&#039;S Highlights\",\"isPartOf\":{\"@id\":\"https:\/\/www.getts.ro\/highlights\/#website\"},\"primaryImageOfPage\":{\"@id\":\"https:\/\/www.getts.ro\/highlights\/aparitiile-de-la-premiile-grammy-2021\/#primaryimage\"},\"image\":{\"@id\":\"https:\/\/www.getts.ro\/highlights\/aparitiile-de-la-premiile-grammy-2021\/#primaryimage\"},\"thumbnailUrl\":\"https:\/\/getts.ro\/highlights\/wp-content\/uploads\/2021\/03\/Untitled-collage-87.jpg\",\"datePublished\":\"2021-03-23T11:22:47+00:00\",\"dateModified\":\"2021-03-23T11:50:58+00:00\",\"author\":{\"@id\":\"https:\/\/www.getts.ro\/highlights\/#\/schema\/person\/227b6821cfa1a7eff96f7fe69d73ad5d\"},\"description\":\"Aparitiile de la premiile Grammy 2021\",\"breadcrumb\":{\"@id\":\"https:\/\/www.getts.ro\/highlights\/aparitiile-de-la-premiile-grammy-2021\/#breadcrumb\"},\"inLanguage\":\"en-US\",\"potentialAction\":[{\"@type\":\"ReadAction\",\"target\":[\"https:\/\/www.getts.ro\/highlights\/aparitiile-de-la-premiile-grammy-2021\/\"]}]},{\"@type\":\"ImageObject\",\"inLanguage\":\"en-US\",\"@id\":\"https:\/\/www.getts.ro\/highlights\/aparitiile-de-la-premiile-grammy-2021\/#primaryimage\",\"url\":\"https:\/\/getts.ro\/highlights\/wp-content\/uploads\/2021\/03\/Untitled-collage-87.jpg\",\"contentUrl\":\"https:\/\/getts.ro\/highlights\/wp-content\/uploads\/2021\/03\/Untitled-collage-87.jpg\",\"width\":900,\"height\":511,\"caption\":\"Aparitiile de la premiile Grammy 2021\"},{\"@type\":\"BreadcrumbList\",\"@id\":\"https:\/\/www.getts.ro\/highlights\/aparitiile-de-la-premiile-grammy-2021\/#breadcrumb\",\"itemListElement\":[{\"@type\":\"ListItem\",\"position\":1,\"name\":\"Home\",\"item\":\"https:\/\/www.getts.ro\/highlights\/\"},{\"@type\":\"ListItem\",\"position\":2,\"name\":\"Aparitiile de la premiile Grammy 2021\"}]},{\"@type\":\"WebSite\",\"@id\":\"https:\/\/www.getts.ro\/highlights\/#website\",\"url\":\"https:\/\/www.getts.ro\/highlights\/\",\"name\":\"GETT&#039;S Highlights\",\"description\":\"\",\"potentialAction\":[{\"@type\":\"SearchAction\",\"target\":{\"@type\":\"EntryPoint\",\"urlTemplate\":\"https:\/\/www.getts.ro\/highlights\/?s={search_term_string}\"},\"query-input\":{\"@type\":\"PropertyValueSpecification\",\"valueRequired\":true,\"valueName\":\"search_term_string\"}}],\"inLanguage\":\"en-US\"},{\"@type\":\"Person\",\"@id\":\"https:\/\/www.getts.ro\/highlights\/#\/schema\/person\/227b6821cfa1a7eff96f7fe69d73ad5d\",\"name\":\"admin\",\"image\":{\"@type\":\"ImageObject\",\"inLanguage\":\"en-US\",\"@id\":\"https:\/\/www.getts.ro\/highlights\/#\/schema\/person\/image\/\",\"url\":\"https:\/\/secure.gravatar.com\/avatar\/e16ffa47ceab26fc5e496b00edde61b0?s=96&d=mm&r=g\",\"contentUrl\":\"https:\/\/secure.gravatar.com\/avatar\/e16ffa47ceab26fc5e496b00edde61b0?s=96&d=mm&r=g\",\"caption\":\"admin\"},\"url\":\"https:\/\/www.getts.ro\/highlights\/author\/admin\/\"}]}<\/script>\n<!-- \/ Yoast SEO plugin. -->","yoast_head_json":{"title":"Aparitiile de la premiile Grammy 2021 - GETT&#039;S Highlights","description":"Aparitiile de la premiile Grammy 2021","robots":{"index":"index","follow":"follow","max-snippet":"max-snippet:-1","max-image-preview":"max-image-preview:large","max-video-preview":"max-video-preview:-1"},"canonical":"https:\/\/www.getts.ro\/highlights\/aparitiile-de-la-premiile-grammy-2021\/","og_locale":"en_US","og_type":"article","og_title":"Aparitiile de la premiile Grammy 2021 - GETT&#039;S Highlights","og_description":"Aparitiile de la premiile Grammy 2021","og_url":"https:\/\/www.getts.ro\/highlights\/aparitiile-de-la-premiile-grammy-2021\/","og_site_name":"GETT&#039;S Highlights","article_published_time":"2021-03-23T11:22:47+00:00","article_modified_time":"2021-03-23T11:50:58+00:00","og_image":[{"width":900,"height":511,"url":"https:\/\/getts.ro\/highlights\/wp-content\/uploads\/2021\/03\/Untitled-collage-87.jpg","type":"image\/jpeg"}],"author":"admin","twitter_card":"summary_large_image","twitter_misc":{"Written by":"admin","Est. reading time":"3 minutes"},"schema":{"@context":"https:\/\/schema.org","@graph":[{"@type":"WebPage","@id":"https:\/\/www.getts.ro\/highlights\/aparitiile-de-la-premiile-grammy-2021\/","url":"https:\/\/www.getts.ro\/highlights\/aparitiile-de-la-premiile-grammy-2021\/","name":"Aparitiile de la premiile Grammy 2021 - GETT&#039;S Highlights","isPartOf":{"@id":"https:\/\/www.getts.ro\/highlights\/#website"},"primaryImageOfPage":{"@id":"https:\/\/www.getts.ro\/highlights\/aparitiile-de-la-premiile-grammy-2021\/#primaryimage"},"image":{"@id":"https:\/\/www.getts.ro\/highlights\/aparitiile-de-la-premiile-grammy-2021\/#primaryimage"},"thumbnailUrl":"https:\/\/getts.ro\/highlights\/wp-content\/uploads\/2021\/03\/Untitled-collage-87.jpg","datePublished":"2021-03-23T11:22:47+00:00","dateModified":"2021-03-23T11:50:58+00:00","author":{"@id":"https:\/\/www.getts.ro\/highlights\/#\/schema\/person\/227b6821cfa1a7eff96f7fe69d73ad5d"},"description":"Aparitiile de la premiile Grammy 2021","breadcrumb":{"@id":"https:\/\/www.getts.ro\/highlights\/aparitiile-de-la-premiile-grammy-2021\/#breadcrumb"},"inLanguage":"en-US","potentialAction":[{"@type":"ReadAction","target":["https:\/\/www.getts.ro\/highlights\/aparitiile-de-la-premiile-grammy-2021\/"]}]},{"@type":"ImageObject","inLanguage":"en-US","@id":"https:\/\/www.getts.ro\/highlights\/aparitiile-de-la-premiile-grammy-2021\/#primaryimage","url":"https:\/\/getts.ro\/highlights\/wp-content\/uploads\/2021\/03\/Untitled-collage-87.jpg","contentUrl":"https:\/\/getts.ro\/highlights\/wp-content\/uploads\/2021\/03\/Untitled-collage-87.jpg","width":900,"height":511,"caption":"Aparitiile de la premiile Grammy 2021"},{"@type":"BreadcrumbList","@id":"https:\/\/www.getts.ro\/highlights\/aparitiile-de-la-premiile-grammy-2021\/#breadcrumb","itemListElement":[{"@type":"ListItem","position":1,"name":"Home","item":"https:\/\/www.getts.ro\/highlights\/"},{"@type":"ListItem","position":2,"name":"Aparitiile de la premiile Grammy 2021"}]},{"@type":"WebSite","@id":"https:\/\/www.getts.ro\/highlights\/#website","url":"https:\/\/www.getts.ro\/highlights\/","name":"GETT&#039;S Highlights","description":"","potentialAction":[{"@type":"SearchAction","target":{"@type":"EntryPoint","urlTemplate":"https:\/\/www.getts.ro\/highlights\/?s={search_term_string}"},"query-input":{"@type":"PropertyValueSpecification","valueRequired":true,"valueName":"search_term_string"}}],"inLanguage":"en-US"},{"@type":"Person","@id":"https:\/\/www.getts.ro\/highlights\/#\/schema\/person\/227b6821cfa1a7eff96f7fe69d73ad5d","name":"admin","image":{"@type":"ImageObject","inLanguage":"en-US","@id":"https:\/\/www.getts.ro\/highlights\/#\/schema\/person\/image\/","url":"https:\/\/secure.gravatar.com\/avatar\/e16ffa47ceab26fc5e496b00edde61b0?s=96&d=mm&r=g","contentUrl":"https:\/\/secure.gravatar.com\/avatar\/e16ffa47ceab26fc5e496b00edde61b0?s=96&d=mm&r=g","caption":"admin"},"url":"https:\/\/www.getts.ro\/highlights\/author\/admin\/"}]}},"_links":{"self":[{"href":"https:\/\/www.getts.ro\/highlights\/wp-json\/wp\/v2\/posts\/9606","targetHints":{"allow":["GET"]}}],"collection":[{"href":"https:\/\/www.getts.ro\/highlights\/wp-json\/wp\/v2\/posts"}],"about":[{"href":"https:\/\/www.getts.ro\/highlights\/wp-json\/wp\/v2\/types\/post"}],"author":[{"embeddable":true,"href":"https:\/\/www.getts.ro\/highlights\/wp-json\/wp\/v2\/users\/1"}],"replies":[{"embeddable":true,"href":"https:\/\/www.getts.ro\/highlights\/wp-json\/wp\/v2\/comments?post=9606"}],"version-history":[{"count":11,"href":"https:\/\/www.getts.ro\/highlights\/wp-json\/wp\/v2\/posts\/9606\/revisions"}],"predecessor-version":[{"id":9620,"href":"https:\/\/www.getts.ro\/highlights\/wp-json\/wp\/v2\/posts\/9606\/revisions\/9620"}],"wp:featuredmedia":[{"embeddable":true,"href":"https:\/\/www.getts.ro\/highlights\/wp-json\/wp\/v2\/media\/9617"}],"wp:attachment":[{"href":"https:\/\/www.getts.ro\/highlights\/wp-json\/wp\/v2\/media?parent=9606"}],"wp:term":[{"taxonomy":"category","embeddable":true,"href":"https:\/\/www.getts.ro\/highlights\/wp-json\/wp\/v2\/categories?post=9606"},{"taxonomy":"post_tag","embeddable":true,"href":"https:\/\/www.getts.ro\/highlights\/wp-json\/wp\/v2\/tags?post=9606"}],"curies":[{"name":"wp","href":"https:\/\/api.w.org\/{rel}","templated":true}]}}