{"id":9579,"date":"2021-03-01T17:29:01","date_gmt":"2021-03-01T14:29:01","guid":{"rendered":"http:\/\/www.getts.ro\/highlights\/?p=9579"},"modified":"2021-03-01T17:49:40","modified_gmt":"2021-03-01T14:49:40","slug":"aparitiile-de-la-premiile-golden-globes-2021","status":"publish","type":"post","link":"https:\/\/www.getts.ro\/highlights\/aparitiile-de-la-premiile-golden-globes-2021\/","title":{"rendered":"Aparitiile de la Premiile Golden Globes 2021"},"content":{"rendered":"<p>Dup\u0103 un an extrem de dificil \u0219i lung, reu\u0219im s\u0103 intr\u0103m din nou \u00een febra decern\u0103rii premiilor de la Hollywood, startul fiind dat de Premiile Golden Globes. Date fiind circumstan\u021bele, ceremonia s-a desf\u0103\u0219urat pe principiul p\u0103str\u0103rii distan\u021bei sociale, gazdele show-ului fiind \u00eemp\u0103r\u021bite at\u00e2t pe coasta de Vest, c\u00e2t \u0219i pe Coasta de Est. \u00cen Los Angeles Amy Poehler a fost cea care a men\u021binut atmosfera iar \u00een New York, gazda a fost reprezentat\u0103 de Tina Fey. De data aceasta, covorul ro\u0219u nu a mai fost invadat cu \u021binutele spectaculoase ale nominaliza\u021bilor \u0219i invita\u021bilor, \u00eens\u0103 ace\u0219tia nu au pierdut ocazia de a-\u0219i etala glamour-ului chiar din confortul propriei locuin\u021be. Prezentatorii care au anun\u021bat premiile cadrul ceremoniei precum Gal Gdot, Salma Hayek, Cyntia Errivo, Ben Stiller, Tiffany Haddish sau Margot Robbie au fost prezen\u021bi pe covorul ro\u0219u, p\u0103str\u00e2nd leg\u0103tura cu starurile din spatele ecranelor. Decern\u0103rile au demonstrat c\u0103 indiferent de obstacole, glamour-ul \u0219i voia bun\u0103 vor fi \u00eentotdeauna prezente \u0219i demne de admirat. Fane Fonda a fost de asemenea prezent\u0103 \u00een cadrul ceremoniei, fiind onorat\u0103 cu premiul Cecil. B. DeMille, pentru contribu\u021biile aduse \u00een industria cinematografic\u0103.<\/p>\n<p><strong>Mai jos pute\u021bi reg\u0103si \u021binutele etalate de celebrit\u0103\u021bi, fie de pe covorul ro\u0219u sau din propriile camere ale hotelurilor sau locuin\u021belor \u00een care celebrit\u0103\u021bile au stat \u0219i au participat la decernare:<\/strong><\/p>\n<h3><strong>\u00a01. Cyntia Erivo \u00eentr-o rochie Valentino Couture<\/strong><a href=\"http:\/\/www.getts.ro\/highlights\/aparitiile-de-la-premiile-golden-globes-2021\/2021-golden-globes-all-the-looks-cynthia-erico\/#main\" rel=\"attachment wp-att-9580\"><br \/>\n<img loading=\"lazy\" decoding=\"async\" class=\"wp-image-9580 alignleft\" src=\"https:\/\/getts.ro\/highlights\/wp-content\/uploads\/2021\/03\/2021-golden-globes-all-the-looks-Cynthia-Erico-e1614604173129.jpg\" alt=\"Aparitiile de la Premiile Golden Globes 2021\" width=\"586\" height=\"880\" \/><\/a><\/h3>\n<h3><\/h3>\n<h3>2. Nicole Kidman \u00eentr-o \u021binut\u0103 Louis Vuitton<\/h3>\n<p><a href=\"http:\/\/www.getts.ro\/highlights\/aparitiile-de-la-premiile-golden-globes-2021\/2021-golden-globes-all-the-looks-nicole-kidman\/#main\" rel=\"attachment wp-att-9587\"><img loading=\"lazy\" decoding=\"async\" class=\"size-full wp-image-9587 alignleft\" src=\"https:\/\/getts.ro\/highlights\/wp-content\/uploads\/2021\/03\/2021-golden-globes-all-the-looks-nicole-kidman-e1614606327541.jpg\" alt=\"Aparitiile de la Premiile Golden Globes 2021\" width=\"600\" height=\"888\" \/><\/a><\/p>\n<h3><\/h3>\n<h3>3. Gal Gadot \u00eentr-o \u021binut\u0103 Givenchy<\/h3>\n<p><a href=\"http:\/\/www.getts.ro\/highlights\/aparitiile-de-la-premiile-golden-globes-2021\/39885988-9311087-image-m-24_1614569760364\/#main\" rel=\"attachment wp-att-9596\"><img loading=\"lazy\" decoding=\"async\" class=\" wp-image-9596 alignleft\" src=\"https:\/\/getts.ro\/highlights\/wp-content\/uploads\/2021\/03\/39885988-9311087-image-m-24_1614569760364.jpg\" alt=\"Aparitiile de la Premiile Golden Globes 2021\" width=\"600\" height=\"795\" srcset=\"https:\/\/getts.ro\/highlights\/wp-content\/uploads\/2021\/03\/39885988-9311087-image-m-24_1614569760364.jpg 634w, https:\/\/getts.ro\/highlights\/wp-content\/uploads\/2021\/03\/39885988-9311087-image-m-24_1614569760364-226x300.jpg 226w\" sizes=\"auto, (max-width: 600px) 100vw, 600px\" \/><\/a><\/p>\n<h3><\/h3>\n<h3>4.Lily Collins \u00eentr-o \u021binut\u0103 Saint Laurent<\/h3>\n<p><a href=\"http:\/\/www.getts.ro\/highlights\/aparitiile-de-la-premiile-golden-globes-2021\/lily20collins20in20saint20laurent_golden20globes202021_1\/#main\" rel=\"attachment wp-att-9594\"><img loading=\"lazy\" decoding=\"async\" class=\" wp-image-9594 alignleft\" src=\"https:\/\/getts.ro\/highlights\/wp-content\/uploads\/2021\/03\/LILY2520COLLINS2520IN2520SAINT2520LAURENT_GOLDEN2520GLOBES25202021_1-e1614606919259.jpg\" alt=\"Aparitiile de la Premiile Golden Globes 2021\" width=\"609\" height=\"914\" \/><\/a><\/p>\n<h3><\/h3>\n<h3>5. Amanda Seyfried \u00eentr-o \u021binut\u0103 Oscar de la Renta<\/h3>\n<p><a href=\"http:\/\/www.getts.ro\/highlights\/aparitiile-de-la-premiile-golden-globes-2021\/2021-golden-globes-all-the-looks-amanda-seyfried\/#main\" rel=\"attachment wp-att-9581\"><img loading=\"lazy\" decoding=\"async\" class=\" wp-image-9581 alignleft\" src=\"https:\/\/getts.ro\/highlights\/wp-content\/uploads\/2021\/03\/2021-golden-globes-all-the-looks-Amanda-Seyfried-e1614604323930.jpg\" alt=\"Aparitiile de la Premiile Golden Globes 2021\" width=\"607\" height=\"911\" \/><\/a><\/p>\n<p>&nbsp;<\/p>\n<p>&nbsp;<\/p>\n<p>&nbsp;<\/p>\n<p>&nbsp;<\/p>\n<p>&nbsp;<\/p>\n<p>&nbsp;<\/p>\n<p>&nbsp;<\/p>\n<p>&nbsp;<\/p>\n<p>&nbsp;<\/p>\n<p>&nbsp;<\/p>\n<p>&nbsp;<\/p>\n<p>&nbsp;<\/p>\n<p>&nbsp;<\/p>\n<p>&nbsp;<\/p>\n<p>&nbsp;<\/p>\n<p>&nbsp;<\/p>\n<p>&nbsp;<\/p>\n<p>&nbsp;<\/p>\n<p>&nbsp;<\/p>\n<p>&nbsp;<\/p>\n<h3>6. Jane Fonda \u00eentr-o \u021binut\u0103 Richard Tyler<\/h3>\n<p><a href=\"http:\/\/www.getts.ro\/highlights\/aparitiile-de-la-premiile-golden-globes-2021\/jane-fonda-honored-golden-globes-2021-embed1\/#main\" rel=\"attachment wp-att-9582\"><img loading=\"lazy\" decoding=\"async\" class=\"size-full wp-image-9582 alignleft\" src=\"https:\/\/getts.ro\/highlights\/wp-content\/uploads\/2021\/03\/jane-fonda-honored-golden-globes-2021-embed1.jpg\" alt=\"Aparitiile de la Premiile Golden Globes 2021\" width=\"620\" height=\"930\" srcset=\"https:\/\/getts.ro\/highlights\/wp-content\/uploads\/2021\/03\/jane-fonda-honored-golden-globes-2021-embed1.jpg 620w, https:\/\/getts.ro\/highlights\/wp-content\/uploads\/2021\/03\/jane-fonda-honored-golden-globes-2021-embed1-200x300.jpg 200w\" sizes=\"auto, (max-width: 620px) 100vw, 620px\" \/><\/a><\/p>\n<p>&nbsp;<\/p>\n<p>&nbsp;<\/p>\n<p>&nbsp;<\/p>\n<p>&nbsp;<\/p>\n<p>&nbsp;<\/p>\n<p>&nbsp;<\/p>\n<p>&nbsp;<\/p>\n<p>&nbsp;<\/p>\n<p>&nbsp;<\/p>\n<p>&nbsp;<\/p>\n<p>&nbsp;<\/p>\n<p>&nbsp;<\/p>\n<p>&nbsp;<\/p>\n<p>&nbsp;<\/p>\n<p>&nbsp;<\/p>\n<p>&nbsp;<\/p>\n<p>&nbsp;<\/p>\n<p>&nbsp;<\/p>\n<p>&nbsp;<\/p>\n<p>&nbsp;<\/p>\n<p>&nbsp;<\/p>\n<p>&nbsp;<\/p>\n<p>&nbsp;<\/p>\n<p>&nbsp;<\/p>\n<h3>7. Justin Theroux \u00eentr-o \u021binut\u0103 Saint Laurent<\/h3>\n<p><a href=\"http:\/\/www.getts.ro\/highlights\/aparitiile-de-la-premiile-golden-globes-2021\/2021-golden-globes-all-the-looks-justin-theroux\/#main\" rel=\"attachment wp-att-9588\"><img loading=\"lazy\" decoding=\"async\" class=\" wp-image-9588 alignleft\" src=\"https:\/\/getts.ro\/highlights\/wp-content\/uploads\/2021\/03\/2021-golden-globes-all-the-looks-Justin-Theroux-e1614606414714.jpg\" alt=\"Aparitiile de la Premiile Golden Globes 2021\" width=\"624\" height=\"937\" \/><\/a><\/p>\n<h3><\/h3>\n<h3>8. Anya Taylor-Joy \u00eentr-o \u021binut\u0103 Dior Haute Couture<\/h3>\n<p><a href=\"http:\/\/www.getts.ro\/highlights\/aparitiile-de-la-premiile-golden-globes-2021\/2021-golden-globes-all-the-looks-anyataylorjoy\/#main\" rel=\"attachment wp-att-9583\"><img loading=\"lazy\" decoding=\"async\" class=\" wp-image-9583 alignleft\" src=\"https:\/\/getts.ro\/highlights\/wp-content\/uploads\/2021\/03\/2021-golden-globes-all-the-looks-AnyaTaylorJoy-e1614604588184.jpg\" alt=\"Aparitiile de la Premiile Golden Globes 2021\" width=\"626\" height=\"939\" \/><\/a><\/p>\n<h3><\/h3>\n<h3><strong>9. Elle Fanning \u00eentr-o \u021binut\u0103 Gucci<\/strong><\/h3>\n<p><a href=\"http:\/\/www.getts.ro\/highlights\/aparitiile-de-la-premiile-golden-globes-2021\/elle20fanning_golden20globes_gatrell_032\/#main\" rel=\"attachment wp-att-9595\"><img loading=\"lazy\" decoding=\"async\" class=\" wp-image-9595 alignleft\" src=\"https:\/\/getts.ro\/highlights\/wp-content\/uploads\/2021\/03\/ELLE2520FANNING_GOLDEN2520GLOBES_GATRELL_032-e1614607068223.jpg\" alt=\"Aparitiile de la Premiile Golden Globes 2021\" width=\"627\" height=\"941\" \/><\/a><\/p>\n<h3><\/h3>\n<h3><strong>10. Gary Oldman \u00eentr-o \u021binut\u0103 Prada<\/strong><\/h3>\n<p><a href=\"http:\/\/www.getts.ro\/highlights\/aparitiile-de-la-premiile-golden-globes-2021\/2021-golden-globes-all-the-looks-gary-oldman\/#main\" rel=\"attachment wp-att-9589\"><img loading=\"lazy\" decoding=\"async\" class=\" wp-image-9589 alignleft\" src=\"https:\/\/getts.ro\/highlights\/wp-content\/uploads\/2021\/03\/2021-golden-globes-all-the-looks-gary-oldman-e1614606467128.jpg\" alt=\"Aparitiile de la Premiile Golden Globes 2021\" width=\"623\" height=\"934\" \/><\/a><\/p>\n<h3><\/h3>\n<h3>11. Margot Robbie \u00eentr-o \u021binut\u0103 Chanel<\/h3>\n<p><a href=\"http:\/\/www.getts.ro\/highlights\/aparitiile-de-la-premiile-golden-globes-2021\/2021-golden-globes-all-the-looks-margot-robbie\/#main\" rel=\"attachment wp-att-9584\"><img loading=\"lazy\" decoding=\"async\" class=\" wp-image-9584 alignleft\" src=\"https:\/\/getts.ro\/highlights\/wp-content\/uploads\/2021\/03\/2021-golden-globes-all-the-looks-margot-robbie-e1614604642368.jpg\" alt=\"Aparitiile de la Premiile Golden Globes 2021\" width=\"612\" height=\"918\" \/><\/a><\/p>\n<p>&nbsp;<\/p>\n<h3><\/h3>\n<h3>12. Kaley Cuoco \u00eentr-o \u021binut\u0103 Oscar de la Renta<\/h3>\n<p><a href=\"http:\/\/www.getts.ro\/highlights\/aparitiile-de-la-premiile-golden-globes-2021\/2021-golden-globes-all-the-looks-kaley-cuoco\/#main\" rel=\"attachment wp-att-9590\"><img loading=\"lazy\" decoding=\"async\" class=\" wp-image-9590 alignleft\" src=\"https:\/\/getts.ro\/highlights\/wp-content\/uploads\/2021\/03\/2021-golden-globes-all-the-looks-Kaley-Cuoco-e1614606551443.jpg\" alt=\"Aparitiile de la Premiile Golden Globes 2021\" width=\"606\" height=\"910\" \/><\/a><\/p>\n<h3><\/h3>\n<h3>13. Tahar Ramir \u00eentr-o \u021binut\u0103 Louis Vuitton<\/h3>\n<h3><a href=\"http:\/\/www.getts.ro\/highlights\/aparitiile-de-la-premiile-golden-globes-2021\/2021-golden-globes-all-the-looks-tahar-rahim\/#main\" rel=\"attachment wp-att-9585\"><img loading=\"lazy\" decoding=\"async\" class=\" wp-image-9585 alignleft\" src=\"https:\/\/getts.ro\/highlights\/wp-content\/uploads\/2021\/03\/2021-golden-globes-all-the-looks-Tahar-Rahim-e1614604741454.jpg\" alt=\"Aparitiile de la Premiile Golden Globes 2021\" width=\"605\" height=\"909\" \/><\/a><\/h3>\n<p>&nbsp;<\/p>\n<p>&nbsp;<\/p>\n<p>&nbsp;<\/p>\n<p>&nbsp;<\/p>\n<p>&nbsp;<\/p>\n<p>&nbsp;<\/p>\n<p>&nbsp;<\/p>\n<p>&nbsp;<\/p>\n<p>&nbsp;<\/p>\n<p>&nbsp;<\/p>\n<p>&nbsp;<\/p>\n<p>&nbsp;<\/p>\n<p>&nbsp;<\/p>\n<p>&nbsp;<\/p>\n<p>&nbsp;<\/p>\n<p>&nbsp;<\/p>\n<p>&nbsp;<\/p>\n<p>&nbsp;<\/p>\n<p>&nbsp;<\/p>\n<p>&nbsp;<\/p>\n<h3><\/h3>\n<h3>14. Tina Fey \u00eentr-o \u021binut\u0103 Versace<\/h3>\n<p><a href=\"http:\/\/www.getts.ro\/highlights\/aparitiile-de-la-premiile-golden-globes-2021\/2021-golden-globes-all-the-looks-tina-fey\/#main\" rel=\"attachment wp-att-9591\"><img loading=\"lazy\" decoding=\"async\" class=\" wp-image-9591 alignleft\" src=\"https:\/\/getts.ro\/highlights\/wp-content\/uploads\/2021\/03\/2021-golden-globes-all-the-looks-Tina-Fey-e1614606617880.jpg\" alt=\"Aparitiile de la Premiile Golden Globes 2021\" width=\"604\" height=\"907\" \/><\/a><\/p>\n<p>&nbsp;<\/p>\n<p>&nbsp;<\/p>\n<p>&nbsp;<\/p>\n<p>&nbsp;<\/p>\n<p>&nbsp;<\/p>\n<p>&nbsp;<\/p>\n<p>&nbsp;<\/p>\n<p>&nbsp;<\/p>\n<p>&nbsp;<\/p>\n<p>&nbsp;<\/p>\n<p>&nbsp;<\/p>\n<p>&nbsp;<\/p>\n<p>&nbsp;<\/p>\n<p>&nbsp;<\/p>\n<p>&nbsp;<\/p>\n<p>&nbsp;<\/p>\n<p>&nbsp;<\/p>\n<p>&nbsp;<\/p>\n<p>&nbsp;<\/p>\n<p>&nbsp;<\/p>\n<p>&nbsp;<\/p>\n<p>&nbsp;<\/p>\n<h3><\/h3>\n<h3>15. Sarah Paulson \u00eentr-o \u021binut\u0103 Prada<\/h3>\n<p><a href=\"http:\/\/www.getts.ro\/highlights\/aparitiile-de-la-premiile-golden-globes-2021\/2021-golden-globes-all-the-looks-sarah-paulson\/#main\" rel=\"attachment wp-att-9592\"><img loading=\"lazy\" decoding=\"async\" class=\" wp-image-9592 alignleft\" src=\"https:\/\/getts.ro\/highlights\/wp-content\/uploads\/2021\/03\/2021-golden-globes-all-the-looks-Sarah-Paulson-e1614606780312.jpg\" alt=\"Aparitiile de la Premiile Golden Globes 2021\" width=\"601\" height=\"902\" \/><\/a><\/p>\n<h3><\/h3>\n<h3>16. Kate Hudson \u00eentr-o \u021binut\u0103 Louis Vuitton<\/h3>\n<p><a href=\"http:\/\/www.getts.ro\/highlights\/aparitiile-de-la-premiile-golden-globes-2021\/2021-golden-globes-all-the-looks-kate-hudson\/#main\" rel=\"attachment wp-att-9593\"><img loading=\"lazy\" decoding=\"async\" class=\"wp-image-9593 alignleft\" src=\"https:\/\/getts.ro\/highlights\/wp-content\/uploads\/2021\/03\/2021-golden-globes-all-the-looks-kate-hudson-e1614606843961.jpg\" alt=\"Aparitiile de la Premiile Golden Globes 2021\" width=\"592\" height=\"888\" \/><\/a><\/p>\n<h3><\/h3>\n<h3><strong>17. Jamie Lee Curtis \u00eentr-o \u021binut\u0103 Cathy Waterman<\/strong><\/h3>\n<p><a href=\"http:\/\/www.getts.ro\/highlights\/aparitiile-de-la-premiile-golden-globes-2021\/2021-golden-globes-all-the-looks-jamie-lee-curtis\/#main\" rel=\"attachment wp-att-9586\"><img loading=\"lazy\" decoding=\"async\" class=\" wp-image-9586 alignleft\" src=\"https:\/\/getts.ro\/highlights\/wp-content\/uploads\/2021\/03\/2021-golden-globes-all-the-looks-jamie-lee-curtis-e1614604895383.jpg\" alt=\"Aparitiile de la Premiile Golden Globes 2021\" width=\"596\" height=\"894\" \/><\/a><\/p>\n<p>&nbsp;<\/p>\n<h3><\/h3>\n<hr \/>\n<p>Text: Mihaela Tudorache<\/p>\n<!-- AddThis Advanced Settings generic via filter on the_content --><!-- AddThis Share Buttons generic via filter on the_content -->","protected":false},"excerpt":{"rendered":"<p>Dup\u0103 un an extrem de dificil \u0219i lung, reu\u0219im s\u0103 intr\u0103m din nou \u00een febra decern\u0103rii premiilor de la Hollywood,&#8230;<!-- AddThis Advanced Settings generic via filter on get_the_excerpt --><!-- AddThis Share Buttons generic via filter on get_the_excerpt --><\/p>\n","protected":false},"author":1,"featured_media":9597,"comment_status":"closed","ping_status":"closed","sticky":false,"template":"","format":"standard","meta":{"footnotes":""},"categories":[14],"tags":[183,121,373,449,173,223],"class_list":["post-9579","post","type-post","status-publish","format-standard","has-post-thumbnail","hentry","category-international","tag-celebrities","tag-fashion","tag-golden-globes","tag-outfits","tag-red-carpet","tag-style"],"yoast_head":"<!-- This site is optimized with the Yoast SEO plugin v24.3 - https:\/\/yoast.com\/wordpress\/plugins\/seo\/ -->\n<title>Aparitiile de la Premiile Golden Globes 2021 - GETT&#039;S Highlights<\/title>\n<meta name=\"description\" content=\"Aparitiile de la Premiile Golden Globes 2021\" \/>\n<meta name=\"robots\" content=\"index, follow, max-snippet:-1, max-image-preview:large, max-video-preview:-1\" \/>\n<link rel=\"canonical\" href=\"https:\/\/www.getts.ro\/highlights\/aparitiile-de-la-premiile-golden-globes-2021\/\" \/>\n<meta property=\"og:locale\" content=\"en_US\" \/>\n<meta property=\"og:type\" content=\"article\" \/>\n<meta property=\"og:title\" content=\"Aparitiile de la Premiile Golden Globes 2021 - GETT&#039;S Highlights\" \/>\n<meta property=\"og:description\" content=\"Aparitiile de la Premiile Golden Globes 2021\" \/>\n<meta property=\"og:url\" content=\"https:\/\/www.getts.ro\/highlights\/aparitiile-de-la-premiile-golden-globes-2021\/\" \/>\n<meta property=\"og:site_name\" content=\"GETT&#039;S Highlights\" \/>\n<meta property=\"article:published_time\" content=\"2021-03-01T14:29:01+00:00\" \/>\n<meta property=\"article:modified_time\" content=\"2021-03-01T14:49:40+00:00\" \/>\n<meta property=\"og:image\" content=\"https:\/\/getts.ro\/highlights\/wp-content\/uploads\/2021\/03\/Untitled-collage-86.jpg\" \/>\n\t<meta property=\"og:image:width\" content=\"900\" \/>\n\t<meta property=\"og:image:height\" content=\"511\" \/>\n\t<meta property=\"og:image:type\" content=\"image\/jpeg\" \/>\n<meta name=\"author\" content=\"admin\" \/>\n<meta name=\"twitter:card\" content=\"summary_large_image\" \/>\n<meta name=\"twitter:label1\" content=\"Written by\" \/>\n\t<meta name=\"twitter:data1\" content=\"admin\" \/>\n\t<meta name=\"twitter:label2\" content=\"Est. reading time\" \/>\n\t<meta name=\"twitter:data2\" content=\"5 minutes\" \/>\n<script type=\"application\/ld+json\" class=\"yoast-schema-graph\">{\"@context\":\"https:\/\/schema.org\",\"@graph\":[{\"@type\":\"WebPage\",\"@id\":\"https:\/\/www.getts.ro\/highlights\/aparitiile-de-la-premiile-golden-globes-2021\/\",\"url\":\"https:\/\/www.getts.ro\/highlights\/aparitiile-de-la-premiile-golden-globes-2021\/\",\"name\":\"Aparitiile de la Premiile Golden Globes 2021 - GETT&#039;S Highlights\",\"isPartOf\":{\"@id\":\"https:\/\/www.getts.ro\/highlights\/#website\"},\"primaryImageOfPage\":{\"@id\":\"https:\/\/www.getts.ro\/highlights\/aparitiile-de-la-premiile-golden-globes-2021\/#primaryimage\"},\"image\":{\"@id\":\"https:\/\/www.getts.ro\/highlights\/aparitiile-de-la-premiile-golden-globes-2021\/#primaryimage\"},\"thumbnailUrl\":\"https:\/\/getts.ro\/highlights\/wp-content\/uploads\/2021\/03\/Untitled-collage-86.jpg\",\"datePublished\":\"2021-03-01T14:29:01+00:00\",\"dateModified\":\"2021-03-01T14:49:40+00:00\",\"author\":{\"@id\":\"https:\/\/www.getts.ro\/highlights\/#\/schema\/person\/227b6821cfa1a7eff96f7fe69d73ad5d\"},\"description\":\"Aparitiile de la Premiile Golden Globes 2021\",\"breadcrumb\":{\"@id\":\"https:\/\/www.getts.ro\/highlights\/aparitiile-de-la-premiile-golden-globes-2021\/#breadcrumb\"},\"inLanguage\":\"en-US\",\"potentialAction\":[{\"@type\":\"ReadAction\",\"target\":[\"https:\/\/www.getts.ro\/highlights\/aparitiile-de-la-premiile-golden-globes-2021\/\"]}]},{\"@type\":\"ImageObject\",\"inLanguage\":\"en-US\",\"@id\":\"https:\/\/www.getts.ro\/highlights\/aparitiile-de-la-premiile-golden-globes-2021\/#primaryimage\",\"url\":\"https:\/\/getts.ro\/highlights\/wp-content\/uploads\/2021\/03\/Untitled-collage-86.jpg\",\"contentUrl\":\"https:\/\/getts.ro\/highlights\/wp-content\/uploads\/2021\/03\/Untitled-collage-86.jpg\",\"width\":900,\"height\":511,\"caption\":\"Aparitiile de la Premiile Golden Globes 2021\"},{\"@type\":\"BreadcrumbList\",\"@id\":\"https:\/\/www.getts.ro\/highlights\/aparitiile-de-la-premiile-golden-globes-2021\/#breadcrumb\",\"itemListElement\":[{\"@type\":\"ListItem\",\"position\":1,\"name\":\"Home\",\"item\":\"https:\/\/www.getts.ro\/highlights\/\"},{\"@type\":\"ListItem\",\"position\":2,\"name\":\"Aparitiile de la Premiile Golden Globes 2021\"}]},{\"@type\":\"WebSite\",\"@id\":\"https:\/\/www.getts.ro\/highlights\/#website\",\"url\":\"https:\/\/www.getts.ro\/highlights\/\",\"name\":\"GETT&#039;S Highlights\",\"description\":\"\",\"potentialAction\":[{\"@type\":\"SearchAction\",\"target\":{\"@type\":\"EntryPoint\",\"urlTemplate\":\"https:\/\/www.getts.ro\/highlights\/?s={search_term_string}\"},\"query-input\":{\"@type\":\"PropertyValueSpecification\",\"valueRequired\":true,\"valueName\":\"search_term_string\"}}],\"inLanguage\":\"en-US\"},{\"@type\":\"Person\",\"@id\":\"https:\/\/www.getts.ro\/highlights\/#\/schema\/person\/227b6821cfa1a7eff96f7fe69d73ad5d\",\"name\":\"admin\",\"image\":{\"@type\":\"ImageObject\",\"inLanguage\":\"en-US\",\"@id\":\"https:\/\/www.getts.ro\/highlights\/#\/schema\/person\/image\/\",\"url\":\"https:\/\/secure.gravatar.com\/avatar\/e16ffa47ceab26fc5e496b00edde61b0?s=96&d=mm&r=g\",\"contentUrl\":\"https:\/\/secure.gravatar.com\/avatar\/e16ffa47ceab26fc5e496b00edde61b0?s=96&d=mm&r=g\",\"caption\":\"admin\"},\"url\":\"https:\/\/www.getts.ro\/highlights\/author\/admin\/\"}]}<\/script>\n<!-- \/ Yoast SEO plugin. -->","yoast_head_json":{"title":"Aparitiile de la Premiile Golden Globes 2021 - GETT&#039;S Highlights","description":"Aparitiile de la Premiile Golden Globes 2021","robots":{"index":"index","follow":"follow","max-snippet":"max-snippet:-1","max-image-preview":"max-image-preview:large","max-video-preview":"max-video-preview:-1"},"canonical":"https:\/\/www.getts.ro\/highlights\/aparitiile-de-la-premiile-golden-globes-2021\/","og_locale":"en_US","og_type":"article","og_title":"Aparitiile de la Premiile Golden Globes 2021 - GETT&#039;S Highlights","og_description":"Aparitiile de la Premiile Golden Globes 2021","og_url":"https:\/\/www.getts.ro\/highlights\/aparitiile-de-la-premiile-golden-globes-2021\/","og_site_name":"GETT&#039;S Highlights","article_published_time":"2021-03-01T14:29:01+00:00","article_modified_time":"2021-03-01T14:49:40+00:00","og_image":[{"width":900,"height":511,"url":"https:\/\/getts.ro\/highlights\/wp-content\/uploads\/2021\/03\/Untitled-collage-86.jpg","type":"image\/jpeg"}],"author":"admin","twitter_card":"summary_large_image","twitter_misc":{"Written by":"admin","Est. reading time":"5 minutes"},"schema":{"@context":"https:\/\/schema.org","@graph":[{"@type":"WebPage","@id":"https:\/\/www.getts.ro\/highlights\/aparitiile-de-la-premiile-golden-globes-2021\/","url":"https:\/\/www.getts.ro\/highlights\/aparitiile-de-la-premiile-golden-globes-2021\/","name":"Aparitiile de la Premiile Golden Globes 2021 - GETT&#039;S Highlights","isPartOf":{"@id":"https:\/\/www.getts.ro\/highlights\/#website"},"primaryImageOfPage":{"@id":"https:\/\/www.getts.ro\/highlights\/aparitiile-de-la-premiile-golden-globes-2021\/#primaryimage"},"image":{"@id":"https:\/\/www.getts.ro\/highlights\/aparitiile-de-la-premiile-golden-globes-2021\/#primaryimage"},"thumbnailUrl":"https:\/\/getts.ro\/highlights\/wp-content\/uploads\/2021\/03\/Untitled-collage-86.jpg","datePublished":"2021-03-01T14:29:01+00:00","dateModified":"2021-03-01T14:49:40+00:00","author":{"@id":"https:\/\/www.getts.ro\/highlights\/#\/schema\/person\/227b6821cfa1a7eff96f7fe69d73ad5d"},"description":"Aparitiile de la Premiile Golden Globes 2021","breadcrumb":{"@id":"https:\/\/www.getts.ro\/highlights\/aparitiile-de-la-premiile-golden-globes-2021\/#breadcrumb"},"inLanguage":"en-US","potentialAction":[{"@type":"ReadAction","target":["https:\/\/www.getts.ro\/highlights\/aparitiile-de-la-premiile-golden-globes-2021\/"]}]},{"@type":"ImageObject","inLanguage":"en-US","@id":"https:\/\/www.getts.ro\/highlights\/aparitiile-de-la-premiile-golden-globes-2021\/#primaryimage","url":"https:\/\/getts.ro\/highlights\/wp-content\/uploads\/2021\/03\/Untitled-collage-86.jpg","contentUrl":"https:\/\/getts.ro\/highlights\/wp-content\/uploads\/2021\/03\/Untitled-collage-86.jpg","width":900,"height":511,"caption":"Aparitiile de la Premiile Golden Globes 2021"},{"@type":"BreadcrumbList","@id":"https:\/\/www.getts.ro\/highlights\/aparitiile-de-la-premiile-golden-globes-2021\/#breadcrumb","itemListElement":[{"@type":"ListItem","position":1,"name":"Home","item":"https:\/\/www.getts.ro\/highlights\/"},{"@type":"ListItem","position":2,"name":"Aparitiile de la Premiile Golden Globes 2021"}]},{"@type":"WebSite","@id":"https:\/\/www.getts.ro\/highlights\/#website","url":"https:\/\/www.getts.ro\/highlights\/","name":"GETT&#039;S Highlights","description":"","potentialAction":[{"@type":"SearchAction","target":{"@type":"EntryPoint","urlTemplate":"https:\/\/www.getts.ro\/highlights\/?s={search_term_string}"},"query-input":{"@type":"PropertyValueSpecification","valueRequired":true,"valueName":"search_term_string"}}],"inLanguage":"en-US"},{"@type":"Person","@id":"https:\/\/www.getts.ro\/highlights\/#\/schema\/person\/227b6821cfa1a7eff96f7fe69d73ad5d","name":"admin","image":{"@type":"ImageObject","inLanguage":"en-US","@id":"https:\/\/www.getts.ro\/highlights\/#\/schema\/person\/image\/","url":"https:\/\/secure.gravatar.com\/avatar\/e16ffa47ceab26fc5e496b00edde61b0?s=96&d=mm&r=g","contentUrl":"https:\/\/secure.gravatar.com\/avatar\/e16ffa47ceab26fc5e496b00edde61b0?s=96&d=mm&r=g","caption":"admin"},"url":"https:\/\/www.getts.ro\/highlights\/author\/admin\/"}]}},"_links":{"self":[{"href":"https:\/\/www.getts.ro\/highlights\/wp-json\/wp\/v2\/posts\/9579","targetHints":{"allow":["GET"]}}],"collection":[{"href":"https:\/\/www.getts.ro\/highlights\/wp-json\/wp\/v2\/posts"}],"about":[{"href":"https:\/\/www.getts.ro\/highlights\/wp-json\/wp\/v2\/types\/post"}],"author":[{"embeddable":true,"href":"https:\/\/www.getts.ro\/highlights\/wp-json\/wp\/v2\/users\/1"}],"replies":[{"embeddable":true,"href":"https:\/\/www.getts.ro\/highlights\/wp-json\/wp\/v2\/comments?post=9579"}],"version-history":[{"count":6,"href":"https:\/\/www.getts.ro\/highlights\/wp-json\/wp\/v2\/posts\/9579\/revisions"}],"predecessor-version":[{"id":9603,"href":"https:\/\/www.getts.ro\/highlights\/wp-json\/wp\/v2\/posts\/9579\/revisions\/9603"}],"wp:featuredmedia":[{"embeddable":true,"href":"https:\/\/www.getts.ro\/highlights\/wp-json\/wp\/v2\/media\/9597"}],"wp:attachment":[{"href":"https:\/\/www.getts.ro\/highlights\/wp-json\/wp\/v2\/media?parent=9579"}],"wp:term":[{"taxonomy":"category","embeddable":true,"href":"https:\/\/www.getts.ro\/highlights\/wp-json\/wp\/v2\/categories?post=9579"},{"taxonomy":"post_tag","embeddable":true,"href":"https:\/\/www.getts.ro\/highlights\/wp-json\/wp\/v2\/tags?post=9579"}],"curies":[{"name":"wp","href":"https:\/\/api.w.org\/{rel}","templated":true}]}}