{"id":9192,"date":"2020-10-26T16:14:23","date_gmt":"2020-10-26T13:14:23","guid":{"rendered":"http:\/\/www.getts.ro\/highlights\/?p=9192"},"modified":"2020-10-26T16:14:26","modified_gmt":"2020-10-26T13:14:26","slug":"cum-sa-porti-manichiura-french","status":"publish","type":"post","link":"https:\/\/www.getts.ro\/highlights\/cum-sa-porti-manichiura-french\/","title":{"rendered":"Cum sa porti manichiura french"},"content":{"rendered":"<p><span class=\"word\" data-words=\"Manichiur\u0103,Manichiura\">Manichiura<\/span> <span class=\"word\" data-words=\"francez\u0103,franceza\">francez\u0103<\/span>\u00a0este <span class=\"word\" data-words=\"clasic\u0103,clasica\">clasic\u0103<\/span>, dar \u201eclasic\u201d nu trebuie <span class=\"word\" data-words=\"s\u0103,sa,\u0219a\">s\u0103<\/span> <span class=\"word\" data-words=\"\u00eensemne,insemne\">\u00eensemne<\/span> <span class=\"word\" data-words=\"\u0219i,si\">\u0219i<\/span> \u201eplictisitor\u201d. <span class=\"word\" data-words=\"Daca,Dac\u0103,D\u00e2ca,D\u00e2c\u0103\">Daca<\/span> \u00ee<span class=\"word\" data-words=\"i\u021bi,\u00ee\u021bi,iti\">\u021bi<\/span> <span class=\"word\" data-words=\"dore\u0219ti,doresti\">dore\u0219ti<\/span> o <span class=\"word\" data-words=\"manichiur\u0103,manichiura\">manichiur\u0103<\/span>\u00a0<span class=\"word\" data-words=\"juc\u0103u\u0219\u0103,juc\u0103u\u0219a,jucausa\">juc\u0103u\u0219\u0103<\/span>, <span class=\"word\" data-words=\"exist\u0103,exista\">exist\u0103<\/span>\u00a0o <span class=\"word\" data-words=\"mul\u021bime,multime\">mul\u021bime<\/span> de <span class=\"word\" data-words=\"modalit\u0103\u021bi,modalitati\">modalit\u0103\u021bi<\/span> de a-<span class=\"word\" data-words=\"\u021bi,ti\">\u021bi<\/span> <span class=\"word\" data-words=\"actualiz\u0103,actualiza\">actualiza<\/span> aspectul. <span class=\"word\" data-words=\"Iat\u0103,Iata\">Iat\u0103<\/span> <span class=\"word\" data-words=\"c\u00e2teva,cateva\">c\u00e2teva<\/span> idei de <span class=\"word\" data-words=\"manichiur\u0103,manichiura\">manichiur\u0103 <\/span><span class=\"word\" data-words=\"fran\u021buzeasc\u0103,fran\u021buzeasca,frantuzeasca\">fran\u021buzeasc\u0103<\/span> perfecte pentru anul 2020.<\/p>\n<p><span class=\"word\" data-words=\"Manichiur\u0103,Manichiura\">Manichiura<\/span> fran\u021buzeasc\u0103 <span class=\"word\" data-words=\"sau,s\u0103u,\u0219au\">sau<\/span> french manicure a revenit anul acesta <span class=\"word\" data-words=\"\u00een,in\">\u00een<\/span> <span class=\"word\" data-words=\"tendin\u021be,tendinte\">tendin\u021be<\/span>. <span class=\"word\" data-words=\"Aceast\u0103,Aceasta\">Aceasta<\/span> s-a dovedit a fi <span class=\"word\" data-words=\"op\u021biunea,optiunea\">op\u021biunea<\/span> <span class=\"word\" data-words=\"perfect\u0103,perfecta\">perfect\u0103<\/span>\u00a0<span class=\"word\" data-words=\"at\u00e2t,a\u021b\u00e2\u021b,atat\">at\u00e2t<\/span> pentru unghiile lungi, <span class=\"word\" data-words=\"c\u00e2t,c\u0103t,c\u0103\u021b,cat\">c\u00e2t<\/span> \u0219i pentru cele scurte. Cu o <span class=\"word\" data-words=\"noua,nou\u0103\">nou\u0103<\/span>\u00a0abordare, acest <span class=\"word\" data-words=\"tip,\u021bip,\u021b\u00eep\">tip<\/span> de <span class=\"word\" data-words=\"manichiur\u0103,manichiura\">manichiur\u0103<\/span>\u00a0s-a reinventat <span class=\"word\" data-words=\"\u0219i,si\">\u0219i<\/span> are un look <span class=\"word\" data-words=\"juc\u0103u\u0219,jucaus\">juc\u0103u\u0219<\/span>. Chiar <span class=\"word\" data-words=\"daca,dac\u0103,d\u00e2ca,d\u00e2c\u0103\">dac\u0103<\/span>\u00a0optezi pentru stilul clasic, pentru <span class=\"word\" data-words=\"nuan\u021be,nuante\">nuan\u021be<\/span> neon <span class=\"word\" data-words=\"sau,s\u0103u,\u0219au\">sau<\/span> pentru o <span class=\"word\" data-words=\"manichiur\u0103,manichiura\">manichiur\u0103<\/span>\u00a0<span class=\"word\" data-words=\"fran\u021buzeasc\u0103,fran\u021buzeasca,frantuzeasca\">fran\u021buzeasc\u0103<\/span> <span class=\"word\" data-words=\"dublat\u0103,dublata\">dublat\u0103<\/span>, vei avea <span class=\"word\" data-words=\"parte,p\u00e2rte\">parte<\/span> de un look inspirat <span class=\"word\" data-words=\"\u0219i,si\">\u0219i<\/span> modern. <span class=\"word\" data-words=\"Iat\u0103,Iata\">Iat\u0103<\/span> <span class=\"word\" data-words=\"c\u00e2teva,cateva\">c\u00e2teva<\/span> idei pe care le <span class=\"word\" data-words=\"po\u021bi,poti\">po\u021bi<\/span> folosi <span class=\"word\" data-words=\"la,l\u0103\">la<\/span> <span class=\"word\" data-words=\"urm\u0103toare,urmatoare\">urm\u0103toare<\/span> <span class=\"word\" data-words=\"vizit\u0103,vizita\">vizit\u0103<\/span>\u00a0<span class=\"word\" data-words=\"\u00een,in\">\u00een<\/span> <span class=\"word\" data-words=\"salon,\u0219alon\">salon<\/span>!<\/p>\n<p><strong>1. V style <\/strong><\/p>\n<p>Indiferent de <span class=\"word\" data-words=\"form\u0103,forma\">forma<\/span> pe care o au unghiile tale, <span class=\"word\" data-words=\"migdal\u0103,migdala\">migdal\u0103<\/span>, coffin, rotunde <span class=\"word\" data-words=\"sau,s\u0103u,\u0219au\">sau<\/span> <span class=\"word\" data-words=\"p\u0103trate,patrate\">p\u0103trate<\/span>, \u00ee<span class=\"word\" data-words=\"i\u021bi,\u00ee\u021bi,iti\">\u021bi<\/span> <span class=\"word\" data-words=\"po\u021bi,poti\">po\u021bi<\/span> <span class=\"word\" data-words=\"rafin\u0103,rafina\">rafina<\/span> <span class=\"word\" data-words=\"manichiur\u0103,manichiura\">manichiura<\/span> <span class=\"word\" data-words=\"fran\u021buzeasc\u0103,fran\u021buzeasca,frantuzeasca\">fran\u021buzeasc\u0103<\/span> de <span class=\"word\" data-words=\"la,l\u0103\">la<\/span> modelul rotunjit <span class=\"word\" data-words=\"\u00een,in\">\u00een<\/span> jurul <span class=\"word\" data-words=\"v\u00e2rfurilor,varfurilor\">v\u00e2rfurilor<\/span> <span class=\"word\" data-words=\"p\u00e2n\u0103,pan\u0103,pana,p\u0103na,p\u0103n\u0103\">p\u00e2n\u0103<\/span> <span class=\"word\" data-words=\"la,l\u0103\">la<\/span> un V <span class=\"word\" data-words=\"ascu\u021bit,ascutit\">ascu\u021bit<\/span>, care <span class=\"word\" data-words=\"subliniaz\u0103,subliniaza\">subliniaz\u0103<\/span> aceea\u0219i <span class=\"word\" data-words=\"zona,zon\u0103\">zon\u0103<\/span>. <span class=\"word\" data-words=\"Daca,Dac\u0103,D\u00e2ca,D\u00e2c\u0103\">Dac\u0103<\/span> \u00ee<span class=\"word\" data-words=\"i\u021bi,\u00ee\u021bi,iti\">\u021bi<\/span> <span class=\"word\" data-words=\"dore\u0219ti,doresti\">dore\u0219ti<\/span> un look <span class=\"word\" data-words=\"mai,m\u0103i,m\u00e2i\">mai<\/span> vibrant <span class=\"word\" data-words=\"po\u021bi,poti\">po\u021bi<\/span> alege <span class=\"word\" data-words=\"oric\u00e2nd,oricand\">oric\u00e2nd<\/span> culorile neon.<\/p>\n<p><a href=\"http:\/\/www.getts.ro\/highlights\/cum-sa-porti-manichiura-french\/1-v-style\/#main\" rel=\"attachment wp-att-9197\"><img loading=\"lazy\" decoding=\"async\" class=\"alignright size-full wp-image-9197\" src=\"https:\/\/getts.ro\/highlights\/wp-content\/uploads\/2020\/10\/1.-V-style.jpg\" alt=\"Cum sa porti manichiura french\" width=\"1080\" height=\"1080\" srcset=\"https:\/\/getts.ro\/highlights\/wp-content\/uploads\/2020\/10\/1.-V-style.jpg 1080w, https:\/\/getts.ro\/highlights\/wp-content\/uploads\/2020\/10\/1.-V-style-300x300.jpg 300w, https:\/\/getts.ro\/highlights\/wp-content\/uploads\/2020\/10\/1.-V-style-1024x1024.jpg 1024w, https:\/\/getts.ro\/highlights\/wp-content\/uploads\/2020\/10\/1.-V-style-150x150.jpg 150w, https:\/\/getts.ro\/highlights\/wp-content\/uploads\/2020\/10\/1.-V-style-768x768.jpg 768w\" sizes=\"auto, (max-width: 1080px) 100vw, 1080px\" \/><\/a><\/p>\n<p><strong>2. Creativ <\/strong><\/p>\n<p><span class=\"word\" data-words=\"\u00eencerca\u021bi,incercati\">\u00cencerca\u021bi<\/span> o <span class=\"word\" data-words=\"manichiur\u0103,manichiura\">manichiur\u0103<\/span> french <span class=\"word\" data-words=\"unghiular\u0103,unghiulara\">unghiular\u0103<\/span>\u00a0folosind <span class=\"word\" data-words=\"doua,dou\u0103\">dou\u0103<\/span>\u00a0<span class=\"word\" data-words=\"nuan\u021be,nuante\">nuan\u021be<\/span> de albastru pentru o culoare <span class=\"word\" data-words=\"nautic\u0103,nautica\">nautic\u0103<\/span>. Pentru linii clare, curate, <span class=\"word\" data-words=\"utiliza\u021bi,utilizati\">utiliza\u021bi<\/span> benzi de ghidare.<\/p>\n<p><a href=\"http:\/\/www.getts.ro\/highlights\/cum-sa-porti-manichiura-french\/2-creativ\/#main\" rel=\"attachment wp-att-9195\"><img loading=\"lazy\" decoding=\"async\" class=\"size-full wp-image-9195 aligncenter\" src=\"https:\/\/getts.ro\/highlights\/wp-content\/uploads\/2020\/10\/2.-creativ-e1603717866683.jpg\" alt=\"Cum sa porti manichiura french\" width=\"500\" height=\"501\" \/><\/a><\/p>\n<p><strong>3. Duo-color <\/strong><\/p>\n<p>Acesta este un mod excelent de a folosi o diversitate de culori. <span class=\"word\" data-words=\"\u00cencearc\u0103,Incearca\">\u00cencearc\u0103<\/span> <span class=\"word\" data-words=\"s\u0103,sa,\u0219a\">s\u0103<\/span> alegi <span class=\"word\" data-words=\"doua,dou\u0103\">dou\u0103<\/span>\u00a0culori complementare pentru fiecare unghie.<\/p>\n<p><a href=\"http:\/\/www.getts.ro\/highlights\/cum-sa-porti-manichiura-french\/3-duo-color\/#main\" rel=\"attachment wp-att-9196\"><img loading=\"lazy\" decoding=\"async\" class=\" wp-image-9196 aligncenter\" src=\"https:\/\/getts.ro\/highlights\/wp-content\/uploads\/2020\/10\/3.-duo-color.jpg\" alt=\"Cum sa porti manichiura french\" width=\"474\" height=\"471\" srcset=\"https:\/\/getts.ro\/highlights\/wp-content\/uploads\/2020\/10\/3.-duo-color.jpg 734w, https:\/\/getts.ro\/highlights\/wp-content\/uploads\/2020\/10\/3.-duo-color-300x298.jpg 300w, https:\/\/getts.ro\/highlights\/wp-content\/uploads\/2020\/10\/3.-duo-color-150x150.jpg 150w\" sizes=\"auto, (max-width: 474px) 100vw, 474px\" \/><\/a><\/p>\n<p><strong>4. Wavy <\/strong><\/p>\n<p><span class=\"word\" data-words=\"Las\u0103,La\u0219a,La\u0219\u0103,L\u0103sa,L\u0103s\u0103,Lasa\">Las\u0103<\/span>&#8211;<span class=\"word\" data-words=\"\u021bi,ti\">\u021bi<\/span> <span class=\"word\" data-words=\"imagina\u021bia,imaginatia\">imagina\u021bia<\/span> <span class=\"word\" data-words=\"\u0219i,si\">\u0219i<\/span> creativitatea <span class=\"word\" data-words=\"s\u0103,sa,\u0219a\">s\u0103<\/span> zboare printr-o <span class=\"word\" data-words=\"manichiur\u0103,manichiura\">manichiur\u0103<\/span>\u00a0<span class=\"word\" data-words=\"fran\u021buzeasc\u0103,fran\u021buzeasca,frantuzeasca\">fran\u021buzeasc\u0103<\/span> <span class=\"word\" data-words=\"unic\u0103,unica\">unic\u0103<\/span>.<\/p>\n<p><a href=\"http:\/\/www.getts.ro\/highlights\/cum-sa-porti-manichiura-french\/4-wavy\/#main\" rel=\"attachment wp-att-9194\"><img loading=\"lazy\" decoding=\"async\" class=\"size-full wp-image-9194 aligncenter\" src=\"https:\/\/getts.ro\/highlights\/wp-content\/uploads\/2020\/10\/4.-wavy-e1603717909498.jpg\" alt=\"Cum sa porti manichiura french\" width=\"500\" height=\"502\" \/><\/a><\/p>\n<p><strong>5. Doubled French <\/strong><\/p>\n<p><span class=\"word\" data-words=\"Manichiur\u0103,Manichiura\">Manichiura<\/span> <span class=\"word\" data-words=\"fran\u021buzeasc\u0103,fran\u021buzeasca,frantuzeasca\">fran\u021buzeasc\u0103<\/span> <span class=\"word\" data-words=\"dublat\u0103,dublata\">dublat\u0103<\/span>\u00a0este cea <span class=\"word\" data-words=\"mai,m\u0103i,m\u00e2i\">mai<\/span> nou\u0103 tendin\u021b\u0103 <span class=\"word\" data-words=\"\u00een,in\">\u00een<\/span> materie de <span class=\"word\" data-words=\"manichiur\u0103,manichiura\">manichiur\u0103<\/span>. \u00ce<span class=\"word\" data-words=\"\u00eencearc\u0103,incearca\">ncearc\u0103<\/span> <span class=\"word\" data-words=\"s\u0103,sa,\u0219a\">s\u0103<\/span> <span class=\"word\" data-words=\"urm\u0103re\u0219ti,urmaresti\">urm\u0103re\u0219ti<\/span> conturul unei manichiuri <span class=\"word\" data-words=\"fran\u021buze\u0219ti,frantuzesti\">fran\u021buze\u0219ti<\/span> cu linii foarte <span class=\"word\" data-words=\"sub\u021biri,subtiri\">sub\u021biri<\/span> pentru un aspect <span class=\"word\" data-words=\"curat,cur\u0103\u021b\">curat<\/span> \u0219i minimalist.<\/p>\n<p><a href=\"http:\/\/www.getts.ro\/highlights\/cum-sa-porti-manichiura-french\/5-doubled\/#main\" rel=\"attachment wp-att-9193\"><img loading=\"lazy\" decoding=\"async\" class=\" wp-image-9193 aligncenter\" src=\"https:\/\/getts.ro\/highlights\/wp-content\/uploads\/2020\/10\/5.-doubled.jpg\" alt=\"Cum sa porti manichiura french\" width=\"494\" height=\"549\" srcset=\"https:\/\/getts.ro\/highlights\/wp-content\/uploads\/2020\/10\/5.-doubled.jpg 736w, https:\/\/getts.ro\/highlights\/wp-content\/uploads\/2020\/10\/5.-doubled-270x300.jpg 270w\" sizes=\"auto, (max-width: 494px) 100vw, 494px\" \/><\/a><\/p>\n<hr \/>\n<p>Text: Andrada Arsenie<\/p>\n<!-- AddThis Advanced Settings generic via filter on the_content --><!-- AddThis Share Buttons generic via filter on the_content -->","protected":false},"excerpt":{"rendered":"<p>Manichiura francez\u0103\u00a0este clasic\u0103, dar \u201eclasic\u201d nu trebuie s\u0103 \u00eensemne \u0219i \u201eplictisitor\u201d. Daca \u00ee\u021bi dore\u0219ti o manichiur\u0103\u00a0juc\u0103u\u0219\u0103, exist\u0103\u00a0o mul\u021bime de modalit\u0103\u021bi&#8230;<!-- AddThis Advanced Settings generic via filter on get_the_excerpt --><!-- AddThis Share Buttons generic via filter on get_the_excerpt --><\/p>\n","protected":false},"author":1,"featured_media":9198,"comment_status":"closed","ping_status":"closed","sticky":false,"template":"","format":"standard","meta":{"footnotes":""},"categories":[248,3],"tags":[672,671,608,596],"class_list":["post-9192","post","type-post","status-publish","format-standard","has-post-thumbnail","hentry","category-beauty","category-corporal","tag-french-manicure","tag-french-nails","tag-nails-ideas","tag-nails-inspiration"],"yoast_head":"<!-- This site is optimized with the Yoast SEO plugin v24.3 - https:\/\/yoast.com\/wordpress\/plugins\/seo\/ -->\n<title>Cum sa porti manichiura french - GETT&#039;S Highlights<\/title>\n<meta name=\"description\" content=\"Cum sa porti manichiura french\" \/>\n<meta name=\"robots\" content=\"index, follow, max-snippet:-1, max-image-preview:large, max-video-preview:-1\" \/>\n<link rel=\"canonical\" href=\"https:\/\/www.getts.ro\/highlights\/cum-sa-porti-manichiura-french\/\" \/>\n<meta property=\"og:locale\" content=\"en_US\" \/>\n<meta property=\"og:type\" content=\"article\" \/>\n<meta property=\"og:title\" content=\"Cum sa porti manichiura french - GETT&#039;S Highlights\" \/>\n<meta property=\"og:description\" content=\"Cum sa porti manichiura french\" \/>\n<meta property=\"og:url\" content=\"https:\/\/www.getts.ro\/highlights\/cum-sa-porti-manichiura-french\/\" \/>\n<meta property=\"og:site_name\" content=\"GETT&#039;S Highlights\" \/>\n<meta property=\"article:published_time\" content=\"2020-10-26T13:14:23+00:00\" \/>\n<meta property=\"article:modified_time\" content=\"2020-10-26T13:14:26+00:00\" \/>\n<meta property=\"og:image\" content=\"https:\/\/getts.ro\/highlights\/wp-content\/uploads\/2020\/10\/Untitled-collage-62.jpg\" \/>\n\t<meta property=\"og:image:width\" content=\"900\" \/>\n\t<meta property=\"og:image:height\" content=\"511\" \/>\n\t<meta property=\"og:image:type\" content=\"image\/jpeg\" \/>\n<meta name=\"author\" content=\"admin\" \/>\n<meta name=\"twitter:card\" content=\"summary_large_image\" \/>\n<meta name=\"twitter:label1\" content=\"Written by\" \/>\n\t<meta name=\"twitter:data1\" content=\"admin\" \/>\n\t<meta name=\"twitter:label2\" content=\"Est. reading time\" \/>\n\t<meta name=\"twitter:data2\" content=\"1 minute\" \/>\n<script type=\"application\/ld+json\" class=\"yoast-schema-graph\">{\"@context\":\"https:\/\/schema.org\",\"@graph\":[{\"@type\":\"WebPage\",\"@id\":\"https:\/\/www.getts.ro\/highlights\/cum-sa-porti-manichiura-french\/\",\"url\":\"https:\/\/www.getts.ro\/highlights\/cum-sa-porti-manichiura-french\/\",\"name\":\"Cum sa porti manichiura french - GETT&#039;S Highlights\",\"isPartOf\":{\"@id\":\"https:\/\/www.getts.ro\/highlights\/#website\"},\"primaryImageOfPage\":{\"@id\":\"https:\/\/www.getts.ro\/highlights\/cum-sa-porti-manichiura-french\/#primaryimage\"},\"image\":{\"@id\":\"https:\/\/www.getts.ro\/highlights\/cum-sa-porti-manichiura-french\/#primaryimage\"},\"thumbnailUrl\":\"https:\/\/getts.ro\/highlights\/wp-content\/uploads\/2020\/10\/Untitled-collage-62.jpg\",\"datePublished\":\"2020-10-26T13:14:23+00:00\",\"dateModified\":\"2020-10-26T13:14:26+00:00\",\"author\":{\"@id\":\"https:\/\/www.getts.ro\/highlights\/#\/schema\/person\/227b6821cfa1a7eff96f7fe69d73ad5d\"},\"description\":\"Cum sa porti manichiura french\",\"breadcrumb\":{\"@id\":\"https:\/\/www.getts.ro\/highlights\/cum-sa-porti-manichiura-french\/#breadcrumb\"},\"inLanguage\":\"en-US\",\"potentialAction\":[{\"@type\":\"ReadAction\",\"target\":[\"https:\/\/www.getts.ro\/highlights\/cum-sa-porti-manichiura-french\/\"]}]},{\"@type\":\"ImageObject\",\"inLanguage\":\"en-US\",\"@id\":\"https:\/\/www.getts.ro\/highlights\/cum-sa-porti-manichiura-french\/#primaryimage\",\"url\":\"https:\/\/getts.ro\/highlights\/wp-content\/uploads\/2020\/10\/Untitled-collage-62.jpg\",\"contentUrl\":\"https:\/\/getts.ro\/highlights\/wp-content\/uploads\/2020\/10\/Untitled-collage-62.jpg\",\"width\":900,\"height\":511,\"caption\":\"Cum sa porti manichiura french\"},{\"@type\":\"BreadcrumbList\",\"@id\":\"https:\/\/www.getts.ro\/highlights\/cum-sa-porti-manichiura-french\/#breadcrumb\",\"itemListElement\":[{\"@type\":\"ListItem\",\"position\":1,\"name\":\"Home\",\"item\":\"https:\/\/www.getts.ro\/highlights\/\"},{\"@type\":\"ListItem\",\"position\":2,\"name\":\"Cum sa porti manichiura french\"}]},{\"@type\":\"WebSite\",\"@id\":\"https:\/\/www.getts.ro\/highlights\/#website\",\"url\":\"https:\/\/www.getts.ro\/highlights\/\",\"name\":\"GETT&#039;S Highlights\",\"description\":\"\",\"potentialAction\":[{\"@type\":\"SearchAction\",\"target\":{\"@type\":\"EntryPoint\",\"urlTemplate\":\"https:\/\/www.getts.ro\/highlights\/?s={search_term_string}\"},\"query-input\":{\"@type\":\"PropertyValueSpecification\",\"valueRequired\":true,\"valueName\":\"search_term_string\"}}],\"inLanguage\":\"en-US\"},{\"@type\":\"Person\",\"@id\":\"https:\/\/www.getts.ro\/highlights\/#\/schema\/person\/227b6821cfa1a7eff96f7fe69d73ad5d\",\"name\":\"admin\",\"image\":{\"@type\":\"ImageObject\",\"inLanguage\":\"en-US\",\"@id\":\"https:\/\/www.getts.ro\/highlights\/#\/schema\/person\/image\/\",\"url\":\"https:\/\/secure.gravatar.com\/avatar\/e16ffa47ceab26fc5e496b00edde61b0?s=96&d=mm&r=g\",\"contentUrl\":\"https:\/\/secure.gravatar.com\/avatar\/e16ffa47ceab26fc5e496b00edde61b0?s=96&d=mm&r=g\",\"caption\":\"admin\"},\"url\":\"https:\/\/www.getts.ro\/highlights\/author\/admin\/\"}]}<\/script>\n<!-- \/ Yoast SEO plugin. -->","yoast_head_json":{"title":"Cum sa porti manichiura french - GETT&#039;S Highlights","description":"Cum sa porti manichiura french","robots":{"index":"index","follow":"follow","max-snippet":"max-snippet:-1","max-image-preview":"max-image-preview:large","max-video-preview":"max-video-preview:-1"},"canonical":"https:\/\/www.getts.ro\/highlights\/cum-sa-porti-manichiura-french\/","og_locale":"en_US","og_type":"article","og_title":"Cum sa porti manichiura french - GETT&#039;S Highlights","og_description":"Cum sa porti manichiura french","og_url":"https:\/\/www.getts.ro\/highlights\/cum-sa-porti-manichiura-french\/","og_site_name":"GETT&#039;S Highlights","article_published_time":"2020-10-26T13:14:23+00:00","article_modified_time":"2020-10-26T13:14:26+00:00","og_image":[{"width":900,"height":511,"url":"https:\/\/getts.ro\/highlights\/wp-content\/uploads\/2020\/10\/Untitled-collage-62.jpg","type":"image\/jpeg"}],"author":"admin","twitter_card":"summary_large_image","twitter_misc":{"Written by":"admin","Est. reading time":"1 minute"},"schema":{"@context":"https:\/\/schema.org","@graph":[{"@type":"WebPage","@id":"https:\/\/www.getts.ro\/highlights\/cum-sa-porti-manichiura-french\/","url":"https:\/\/www.getts.ro\/highlights\/cum-sa-porti-manichiura-french\/","name":"Cum sa porti manichiura french - GETT&#039;S Highlights","isPartOf":{"@id":"https:\/\/www.getts.ro\/highlights\/#website"},"primaryImageOfPage":{"@id":"https:\/\/www.getts.ro\/highlights\/cum-sa-porti-manichiura-french\/#primaryimage"},"image":{"@id":"https:\/\/www.getts.ro\/highlights\/cum-sa-porti-manichiura-french\/#primaryimage"},"thumbnailUrl":"https:\/\/getts.ro\/highlights\/wp-content\/uploads\/2020\/10\/Untitled-collage-62.jpg","datePublished":"2020-10-26T13:14:23+00:00","dateModified":"2020-10-26T13:14:26+00:00","author":{"@id":"https:\/\/www.getts.ro\/highlights\/#\/schema\/person\/227b6821cfa1a7eff96f7fe69d73ad5d"},"description":"Cum sa porti manichiura french","breadcrumb":{"@id":"https:\/\/www.getts.ro\/highlights\/cum-sa-porti-manichiura-french\/#breadcrumb"},"inLanguage":"en-US","potentialAction":[{"@type":"ReadAction","target":["https:\/\/www.getts.ro\/highlights\/cum-sa-porti-manichiura-french\/"]}]},{"@type":"ImageObject","inLanguage":"en-US","@id":"https:\/\/www.getts.ro\/highlights\/cum-sa-porti-manichiura-french\/#primaryimage","url":"https:\/\/getts.ro\/highlights\/wp-content\/uploads\/2020\/10\/Untitled-collage-62.jpg","contentUrl":"https:\/\/getts.ro\/highlights\/wp-content\/uploads\/2020\/10\/Untitled-collage-62.jpg","width":900,"height":511,"caption":"Cum sa porti manichiura french"},{"@type":"BreadcrumbList","@id":"https:\/\/www.getts.ro\/highlights\/cum-sa-porti-manichiura-french\/#breadcrumb","itemListElement":[{"@type":"ListItem","position":1,"name":"Home","item":"https:\/\/www.getts.ro\/highlights\/"},{"@type":"ListItem","position":2,"name":"Cum sa porti manichiura french"}]},{"@type":"WebSite","@id":"https:\/\/www.getts.ro\/highlights\/#website","url":"https:\/\/www.getts.ro\/highlights\/","name":"GETT&#039;S Highlights","description":"","potentialAction":[{"@type":"SearchAction","target":{"@type":"EntryPoint","urlTemplate":"https:\/\/www.getts.ro\/highlights\/?s={search_term_string}"},"query-input":{"@type":"PropertyValueSpecification","valueRequired":true,"valueName":"search_term_string"}}],"inLanguage":"en-US"},{"@type":"Person","@id":"https:\/\/www.getts.ro\/highlights\/#\/schema\/person\/227b6821cfa1a7eff96f7fe69d73ad5d","name":"admin","image":{"@type":"ImageObject","inLanguage":"en-US","@id":"https:\/\/www.getts.ro\/highlights\/#\/schema\/person\/image\/","url":"https:\/\/secure.gravatar.com\/avatar\/e16ffa47ceab26fc5e496b00edde61b0?s=96&d=mm&r=g","contentUrl":"https:\/\/secure.gravatar.com\/avatar\/e16ffa47ceab26fc5e496b00edde61b0?s=96&d=mm&r=g","caption":"admin"},"url":"https:\/\/www.getts.ro\/highlights\/author\/admin\/"}]}},"_links":{"self":[{"href":"https:\/\/www.getts.ro\/highlights\/wp-json\/wp\/v2\/posts\/9192","targetHints":{"allow":["GET"]}}],"collection":[{"href":"https:\/\/www.getts.ro\/highlights\/wp-json\/wp\/v2\/posts"}],"about":[{"href":"https:\/\/www.getts.ro\/highlights\/wp-json\/wp\/v2\/types\/post"}],"author":[{"embeddable":true,"href":"https:\/\/www.getts.ro\/highlights\/wp-json\/wp\/v2\/users\/1"}],"replies":[{"embeddable":true,"href":"https:\/\/www.getts.ro\/highlights\/wp-json\/wp\/v2\/comments?post=9192"}],"version-history":[{"count":2,"href":"https:\/\/www.getts.ro\/highlights\/wp-json\/wp\/v2\/posts\/9192\/revisions"}],"predecessor-version":[{"id":9200,"href":"https:\/\/www.getts.ro\/highlights\/wp-json\/wp\/v2\/posts\/9192\/revisions\/9200"}],"wp:featuredmedia":[{"embeddable":true,"href":"https:\/\/www.getts.ro\/highlights\/wp-json\/wp\/v2\/media\/9198"}],"wp:attachment":[{"href":"https:\/\/www.getts.ro\/highlights\/wp-json\/wp\/v2\/media?parent=9192"}],"wp:term":[{"taxonomy":"category","embeddable":true,"href":"https:\/\/www.getts.ro\/highlights\/wp-json\/wp\/v2\/categories?post=9192"},{"taxonomy":"post_tag","embeddable":true,"href":"https:\/\/www.getts.ro\/highlights\/wp-json\/wp\/v2\/tags?post=9192"}],"curies":[{"name":"wp","href":"https:\/\/api.w.org\/{rel}","templated":true}]}}