{"id":8935,"date":"2020-09-16T12:30:11","date_gmt":"2020-09-16T09:30:11","guid":{"rendered":"http:\/\/www.getts.ro\/highlights\/?p=8935"},"modified":"2020-09-16T12:30:11","modified_gmt":"2020-09-16T09:30:11","slug":"men-tendintele-sezonului-toamna-iarna-2020-2021","status":"publish","type":"post","link":"https:\/\/www.getts.ro\/highlights\/men-tendintele-sezonului-toamna-iarna-2020-2021\/","title":{"rendered":"Men: Tendintele sezonului toamna iarna 2020-2021"},"content":{"rendered":"<p class=\"Standard\"><span lang=\"DE\">\u00cen fiecare sezon, exist\u0103 noi trenduri de mod\u0103 care vin \u0219i pleac\u0103, dar unele r\u0103m\u00e2n pentru o perioad\u0103 mai lung\u0103 de timp. Anul acesta, indiferent de temperatur\u0103, tendin\u021bele sunt mai interesante ca niciodat\u0103.<\/span><\/p>\n<p class=\"Standard\"><span lang=\"DE\">De\u0219i este un an atipic, sezonul de toamn\u0103-iarn\u0103 2020 se anun\u021b\u0103 unul incediar. \u00cen aceast\u0103 toamn\u0103, designerii se joac\u0103 cu texturi \u0219i imprimeuri. De la pulovere c\u0103lduroase la \u021binute disco, po\u021bi purta orice pentru a ie\u0219i \u00een eviden\u021b\u0103.<\/span><\/p>\n<p><strong>1. Cozy &amp; warm <\/strong><\/p>\n<p>Starea de bine <span class=\"word\" data-words=\"\u0219i,si\">\u0219i<\/span> <span class=\"word\" data-words=\"c\u0103ldur\u0103,c\u0103ldura,caldura\">c\u0103ldura<\/span>\u00a0<span class=\"word\" data-words=\"sunt,\u0219unt\">sunt<\/span> un must-have <span class=\"word\" data-words=\"\u00een,in\">\u00een<\/span> sezonul de <span class=\"word\" data-words=\"toamn\u0103,toamna\">toamn\u0103<\/span>\u00a0<span class=\"word\" data-words=\"iarn\u0103,iarna\">iarn\u0103<\/span>\u00a02020-2021. <span class=\"word\" data-words=\"Esen\u021biale,Esentiale\">Esen\u021biale<\/span> <span class=\"word\" data-words=\"\u00een,in\">\u00een<\/span> lunile <span class=\"word\" data-words=\"r\u0103coroase,racoroase\">r\u0103coroase<\/span>, cardiganele, paltoanele de lungime medie <span class=\"word\" data-words=\"sau,s\u0103u,\u0219au\">sau<\/span> <span class=\"word\" data-words=\"mare,m\u0103re,m\u00e2re\">mare<\/span>, fularele de diferite dimensiuni <span class=\"word\" data-words=\"\u0219i,si\">\u0219i<\/span> chiar <span class=\"word\" data-words=\"m\u0103nu\u0219ile,m\u00e2nu\u0219ile,manusile\">m\u0103nu\u0219ile<\/span> <span class=\"word\" data-words=\"sunt,\u0219unt\">sunt<\/span> toate <span class=\"word\" data-words=\"\u00een,in\">\u00een<\/span> <span class=\"word\" data-words=\"tendin\u021be,tendinte\">tendin\u021be<\/span> anul acesta. Chiar <span class=\"word\" data-words=\"\u0219i,si\">\u0219i<\/span> hainele de <span class=\"word\" data-words=\"blan\u0103,blana\">blan\u0103<\/span>\u00a0<span class=\"word\" data-words=\"artificial\u0103,artificiala\">artificial\u0103<\/span>\u00a0<span class=\"word\" data-words=\"sunt,\u0219unt\">sunt<\/span> <span class=\"word\" data-words=\"la,l\u0103\">la<\/span> <span class=\"word\" data-words=\"mare,m\u0103re,m\u00e2re\">mare<\/span> <span class=\"word\" data-words=\"c\u0103utare,cautare\">c\u0103utare<\/span>. Indiferent <span class=\"word\" data-words=\"c\u0103,ca\">c\u0103<\/span> alegi un palton din shearling, care \u00ee<span class=\"word\" data-words=\"i\u021bi,\u00ee\u021bi,iti\">\u021bi<\/span> <span class=\"word\" data-words=\"ofer\u0103,ofera\">ofer\u0103<\/span> un aspect retro <span class=\"word\" data-words=\"sau,s\u0103u,\u0219au\">sau<\/span> o <span class=\"word\" data-words=\"hain\u0103,haina\">hain\u0103<\/span>\u00a0de <span class=\"word\" data-words=\"blan\u0103,blana\">blan\u0103<\/span>, care te face <span class=\"word\" data-words=\"s\u0103,sa,\u0219a\">s\u0103<\/span> <span class=\"word\" data-words=\"ara\u021bi,ar\u0103\u021bi,arati\">ar\u0103\u021bi<\/span> <span class=\"word\" data-words=\"c\u0103,ca\">ca<\/span>\u00a0un dandy, <span class=\"word\" data-words=\"achizi\u021bionarea,achizitionarea\">achizi\u021bionarea<\/span> unei astfel de piese vestimentare este o <span class=\"word\" data-words=\"investi\u021bie,\u00eenvesti\u021bie,investitie\">investi\u021bie<\/span> <span class=\"word\" data-words=\"ideal\u0103,ideala\">ideal\u0103<\/span>.<\/p>\n<div id='gallery-1' class='gallery galleryid-8935 gallery-columns-5 gallery-size-full'><dl class='gallery-item'>\n\t\t\t<dt class='gallery-icon portrait'>\n\t\t\t\t<a href='https:\/\/getts.ro\/highlights\/wp-content\/uploads\/2020\/09\/1.-Cozy-warm.-hermes-scaled-e1600247186938.jpg'><img loading=\"lazy\" decoding=\"async\" width=\"800\" height=\"1200\" src=\"https:\/\/getts.ro\/highlights\/wp-content\/uploads\/2020\/09\/1.-Cozy-warm.-hermes-scaled-e1600247186938.jpg\" class=\"attachment-full size-full\" alt=\"Men: Tendintele sezonului toamna iarna 2020-2021\" aria-describedby=\"gallery-1-8939\" \/><\/a>\n\t\t\t<\/dt>\n\t\t\t\t<dd class='wp-caption-text gallery-caption' id='gallery-1-8939'>\n\t\t\t\tHermes\n\t\t\t\t<\/dd><\/dl><dl class='gallery-item'>\n\t\t\t<dt class='gallery-icon portrait'>\n\t\t\t\t<a href='https:\/\/getts.ro\/highlights\/wp-content\/uploads\/2020\/09\/1.-Cozy-warm.-prada-scaled-e1600247177265.jpg'><img loading=\"lazy\" decoding=\"async\" width=\"800\" height=\"1200\" src=\"https:\/\/getts.ro\/highlights\/wp-content\/uploads\/2020\/09\/1.-Cozy-warm.-prada-scaled-e1600247177265.jpg\" class=\"attachment-full size-full\" alt=\"Men: Tendintele sezonului toamna iarna 2020-2021\" aria-describedby=\"gallery-1-8940\" \/><\/a>\n\t\t\t<\/dt>\n\t\t\t\t<dd class='wp-caption-text gallery-caption' id='gallery-1-8940'>\n\t\t\t\tPrada\n\t\t\t\t<\/dd><\/dl><dl class='gallery-item'>\n\t\t\t<dt class='gallery-icon portrait'>\n\t\t\t\t<a href='https:\/\/getts.ro\/highlights\/wp-content\/uploads\/2020\/09\/1.-Cozy-warm.-fendi-scaled-e1600247164631.jpg'><img loading=\"lazy\" decoding=\"async\" width=\"800\" height=\"1200\" src=\"https:\/\/getts.ro\/highlights\/wp-content\/uploads\/2020\/09\/1.-Cozy-warm.-fendi-scaled-e1600247164631.jpg\" class=\"attachment-full size-full\" alt=\"Men: Tendintele sezonului toamna iarna 2020-2021\" aria-describedby=\"gallery-1-8938\" \/><\/a>\n\t\t\t<\/dt>\n\t\t\t\t<dd class='wp-caption-text gallery-caption' id='gallery-1-8938'>\n\t\t\t\tFendi\n\t\t\t\t<\/dd><\/dl><dl class='gallery-item'>\n\t\t\t<dt class='gallery-icon portrait'>\n\t\t\t\t<a href='https:\/\/getts.ro\/highlights\/wp-content\/uploads\/2020\/09\/1.-Cozy-warm.-berluti-jpg-scaled-e1600247151732.jpg'><img loading=\"lazy\" decoding=\"async\" width=\"800\" height=\"1200\" src=\"https:\/\/getts.ro\/highlights\/wp-content\/uploads\/2020\/09\/1.-Cozy-warm.-berluti-jpg-scaled-e1600247151732.jpg\" class=\"attachment-full size-full\" alt=\"Men: Tendintele sezonului toamna iarna 2020-2021\" aria-describedby=\"gallery-1-8937\" \/><\/a>\n\t\t\t<\/dt>\n\t\t\t\t<dd class='wp-caption-text gallery-caption' id='gallery-1-8937'>\n\t\t\t\tBerluti\n\t\t\t\t<\/dd><\/dl><dl class='gallery-item'>\n\t\t\t<dt class='gallery-icon portrait'>\n\t\t\t\t<a href='https:\/\/getts.ro\/highlights\/wp-content\/uploads\/2020\/09\/1.-Cozy-warm.-berluti-1-scaled-e1600247142693.jpg'><img loading=\"lazy\" decoding=\"async\" width=\"800\" height=\"1200\" src=\"https:\/\/getts.ro\/highlights\/wp-content\/uploads\/2020\/09\/1.-Cozy-warm.-berluti-1-scaled-e1600247142693.jpg\" class=\"attachment-full size-full\" alt=\"Men: Tendintele sezonului toamna iarna 2020-2021\" aria-describedby=\"gallery-1-8936\" \/><\/a>\n\t\t\t<\/dt>\n\t\t\t\t<dd class='wp-caption-text gallery-caption' id='gallery-1-8936'>\n\t\t\t\tBerluti\n\t\t\t\t<\/dd><\/dl><br style=\"clear: both\" \/>\n\t\t<\/div>\n\n<p><strong>2. &#8217;70&#8217;s <\/strong><\/p>\n<p><span class=\"word\" data-words=\"Moda,Mod\u0103\">Moda<\/span> anilor &#8217;70 revine <span class=\"word\" data-words=\"\u00een,in\">\u00een<\/span> <span class=\"word\" data-words=\"for\u021b\u0103,for\u021ba,forta\">for\u021b\u0103<\/span>. De <span class=\"word\" data-words=\"la,l\u0103\">la<\/span> pantaloni evaza\u021bi <span class=\"word\" data-words=\"la,l\u0103\">la<\/span> o e\u0219arf\u0103 legat\u0103 <span class=\"word\" data-words=\"la,l\u0103\">la<\/span> g\u00e2t <span class=\"word\" data-words=\"sau,s\u0103u,\u0219au\">sau<\/span> o c\u0103ma\u0219\u0103 cu imprimeu puternic, look-ul din anii 1970 este <span class=\"word\" data-words=\"\u00eembun\u0103t\u0103\u021bit,imbunatatit\">\u00eembun\u0103t\u0103\u021bit<\/span> cu piese rock boeme. Cel <span class=\"word\" data-words=\"mai,m\u0103i,m\u00e2i\">mai<\/span> important accesoriu este atitudinea, cea care face <span class=\"word\" data-words=\"c\u0103,ca\">ca<\/span>\u00a0cizmele cu <span class=\"word\" data-words=\"toc,\u021boc\">toc<\/span> <span class=\"word\" data-words=\"s\u0103,sa,\u0219a\">s\u0103<\/span> se <span class=\"word\" data-words=\"potriveasc\u0103,potriveasca\">potriveasc\u0103<\/span> cu adev\u0103rat.<\/p>\n<div id='gallery-2' class='gallery galleryid-8935 gallery-columns-4 gallery-size-full'><dl class='gallery-item'>\n\t\t\t<dt class='gallery-icon portrait'>\n\t\t\t\t<a href='https:\/\/getts.ro\/highlights\/wp-content\/uploads\/2020\/09\/2.-70s-e1600247366271.jpg'><img loading=\"lazy\" decoding=\"async\" width=\"800\" height=\"1200\" src=\"https:\/\/getts.ro\/highlights\/wp-content\/uploads\/2020\/09\/2.-70s-e1600247366271.jpg\" class=\"attachment-full size-full\" alt=\"Men: Tendintele sezonului toamna iarna 2020-2021\" \/><\/a>\n\t\t\t<\/dt><\/dl><dl class='gallery-item'>\n\t\t\t<dt class='gallery-icon portrait'>\n\t\t\t\t<a href='https:\/\/getts.ro\/highlights\/wp-content\/uploads\/2020\/09\/2.-70s-hermes-scaled-e1600247355765.jpg'><img loading=\"lazy\" decoding=\"async\" width=\"800\" height=\"1200\" src=\"https:\/\/getts.ro\/highlights\/wp-content\/uploads\/2020\/09\/2.-70s-hermes-scaled-e1600247355765.jpg\" class=\"attachment-full size-full\" alt=\"Men: Tendintele sezonului toamna iarna 2020-2021\" aria-describedby=\"gallery-2-8943\" \/><\/a>\n\t\t\t<\/dt>\n\t\t\t\t<dd class='wp-caption-text gallery-caption' id='gallery-2-8943'>\n\t\t\t\tHermes\n\t\t\t\t<\/dd><\/dl><dl class='gallery-item'>\n\t\t\t<dt class='gallery-icon portrait'>\n\t\t\t\t<a href='https:\/\/getts.ro\/highlights\/wp-content\/uploads\/2020\/09\/2.-70s-gucci1-scaled-e1600247343216.jpg'><img loading=\"lazy\" decoding=\"async\" width=\"800\" height=\"1200\" src=\"https:\/\/getts.ro\/highlights\/wp-content\/uploads\/2020\/09\/2.-70s-gucci1-scaled-e1600247343216.jpg\" class=\"attachment-full size-full\" alt=\"Men: Tendintele sezonului toamna iarna 2020-2021\" aria-describedby=\"gallery-2-8942\" \/><\/a>\n\t\t\t<\/dt>\n\t\t\t\t<dd class='wp-caption-text gallery-caption' id='gallery-2-8942'>\n\t\t\t\tGucci\n\t\t\t\t<\/dd><\/dl><dl class='gallery-item'>\n\t\t\t<dt class='gallery-icon portrait'>\n\t\t\t\t<a href='https:\/\/getts.ro\/highlights\/wp-content\/uploads\/2020\/09\/2.-70s-gucci-scaled-e1600247335585.jpg'><img loading=\"lazy\" decoding=\"async\" width=\"800\" height=\"1200\" src=\"https:\/\/getts.ro\/highlights\/wp-content\/uploads\/2020\/09\/2.-70s-gucci-scaled-e1600247335585.jpg\" class=\"attachment-full size-full\" alt=\"Men: Tendintele sezonului toamna iarna 2020-2021\" aria-describedby=\"gallery-2-8941\" \/><\/a>\n\t\t\t<\/dt>\n\t\t\t\t<dd class='wp-caption-text gallery-caption' id='gallery-2-8941'>\n\t\t\t\tGucci\n\t\t\t\t<\/dd><\/dl><br style=\"clear: both\" \/>\n\t\t<\/div>\n\n<p><strong>3. Prints <\/strong><\/p>\n<p>Imprimeurile <span class=\"word\" data-words=\"r\u0103m\u00e2n,raman\">r\u0103m\u00e2n<\/span> <span class=\"word\" data-words=\"\u00een,in\">\u00een<\/span> continuare <span class=\"word\" data-words=\"\u00een,in\">\u00een<\/span> <span class=\"word\" data-words=\"tendin\u021be,tendinte\">tendin\u021be<\/span> <span class=\"word\" data-words=\"\u0219i,si\">\u0219i<\/span> <span class=\"word\" data-words=\"\u00een,in\">\u00een<\/span> <span class=\"word\" data-words=\"toamn\u0103,toamna\">toamna<\/span> anului 2020. Modele geometrice, motive suprarealiste <span class=\"word\" data-words=\"sau,s\u0103u,\u0219au\">sau<\/span> cu portrete, se <span class=\"word\" data-words=\"pare,p\u00e2re\">pare<\/span> <span class=\"word\" data-words=\"c\u0103,ca\">c\u0103<\/span> <span class=\"word\" data-words=\"iarn\u0103,iarna\">iarna<\/span> 2020 <span class=\"word\" data-words=\"v\u0103,va\">va<\/span>\u00a0fi \u00eendr\u0103znea\u021b\u0103, cu o mul\u021bime de aspecte optimiste. Fie <span class=\"word\" data-words=\"c\u0103,ca\">c\u0103<\/span> este <span class=\"word\" data-words=\"vorb\u0103,vorba\">vorba<\/span> de pulovere <span class=\"word\" data-words=\"sau,s\u0103u,\u0219au\">sau<\/span> de costume, imprimeurile continu\u0103 s\u0103 asalteze <span class=\"word\" data-words=\"garderob\u0103,garderoba\">garderoba<\/span> b\u0103rba\u021bilor pentru a se impune <span class=\"word\" data-words=\"c\u0103,ca\">ca<\/span>\u00a0un must-have.<\/p>\n<div id='gallery-3' class='gallery galleryid-8935 gallery-columns-6 gallery-size-full'><dl class='gallery-item'>\n\t\t\t<dt class='gallery-icon portrait'>\n\t\t\t\t<a href='https:\/\/getts.ro\/highlights\/wp-content\/uploads\/2020\/09\/3.-prints-prada2-scaled-e1600247517606.jpg'><img loading=\"lazy\" decoding=\"async\" width=\"800\" height=\"1200\" src=\"https:\/\/getts.ro\/highlights\/wp-content\/uploads\/2020\/09\/3.-prints-prada2-scaled-e1600247517606.jpg\" class=\"attachment-full size-full\" alt=\"Men: Tendintele sezonului toamna iarna 2020-2021\" aria-describedby=\"gallery-3-8950\" \/><\/a>\n\t\t\t<\/dt>\n\t\t\t\t<dd class='wp-caption-text gallery-caption' id='gallery-3-8950'>\n\t\t\t\tPrada\n\t\t\t\t<\/dd><\/dl><dl class='gallery-item'>\n\t\t\t<dt class='gallery-icon portrait'>\n\t\t\t\t<a href='https:\/\/getts.ro\/highlights\/wp-content\/uploads\/2020\/09\/3.-prints-prada-scaled-e1600247509268.jpg'><img loading=\"lazy\" decoding=\"async\" width=\"800\" height=\"1200\" src=\"https:\/\/getts.ro\/highlights\/wp-content\/uploads\/2020\/09\/3.-prints-prada-scaled-e1600247509268.jpg\" class=\"attachment-full size-full\" alt=\"Men: Tendintele sezonului toamna iarna 2020-2021\" aria-describedby=\"gallery-3-8949\" \/><\/a>\n\t\t\t<\/dt>\n\t\t\t\t<dd class='wp-caption-text gallery-caption' id='gallery-3-8949'>\n\t\t\t\tPrada\n\t\t\t\t<\/dd><\/dl><dl class='gallery-item'>\n\t\t\t<dt class='gallery-icon portrait'>\n\t\t\t\t<a href='https:\/\/getts.ro\/highlights\/wp-content\/uploads\/2020\/09\/3.-print-louis-vuitton-1-scaled-e1600247500135.jpg'><img loading=\"lazy\" decoding=\"async\" width=\"800\" height=\"1200\" src=\"https:\/\/getts.ro\/highlights\/wp-content\/uploads\/2020\/09\/3.-print-louis-vuitton-1-scaled-e1600247500135.jpg\" class=\"attachment-full size-full\" alt=\"Men: Tendintele sezonului toamna iarna 2020-2021\" aria-describedby=\"gallery-3-8948\" \/><\/a>\n\t\t\t<\/dt>\n\t\t\t\t<dd class='wp-caption-text gallery-caption' id='gallery-3-8948'>\n\t\t\t\tLouis Vuitton\n\t\t\t\t<\/dd><\/dl><dl class='gallery-item'>\n\t\t\t<dt class='gallery-icon portrait'>\n\t\t\t\t<a href='https:\/\/getts.ro\/highlights\/wp-content\/uploads\/2020\/09\/3.-print-louis-vuitton-scaled-e1600247491816.jpg'><img loading=\"lazy\" decoding=\"async\" width=\"800\" height=\"1200\" src=\"https:\/\/getts.ro\/highlights\/wp-content\/uploads\/2020\/09\/3.-print-louis-vuitton-scaled-e1600247491816.jpg\" class=\"attachment-full size-full\" alt=\"Men: Tendintele sezonului toamna iarna 2020-2021\" aria-describedby=\"gallery-3-8947\" \/><\/a>\n\t\t\t<\/dt>\n\t\t\t\t<dd class='wp-caption-text gallery-caption' id='gallery-3-8947'>\n\t\t\t\tLouis Vuitton\n\t\t\t\t<\/dd><\/dl><dl class='gallery-item'>\n\t\t\t<dt class='gallery-icon portrait'>\n\t\t\t\t<a href='https:\/\/getts.ro\/highlights\/wp-content\/uploads\/2020\/09\/3.-print-etro-scaled-e1600247481546.jpg'><img loading=\"lazy\" decoding=\"async\" width=\"700\" height=\"1050\" src=\"https:\/\/getts.ro\/highlights\/wp-content\/uploads\/2020\/09\/3.-print-etro-scaled-e1600247481546.jpg\" class=\"attachment-full size-full\" alt=\"Men: Tendintele sezonului toamna iarna 2020-2021\" aria-describedby=\"gallery-3-8946\" \/><\/a>\n\t\t\t<\/dt>\n\t\t\t\t<dd class='wp-caption-text gallery-caption' id='gallery-3-8946'>\n\t\t\t\tEtro\n\t\t\t\t<\/dd><\/dl><dl class='gallery-item'>\n\t\t\t<dt class='gallery-icon portrait'>\n\t\t\t\t<a href='https:\/\/getts.ro\/highlights\/wp-content\/uploads\/2020\/09\/3.-print-ami-scaled-e1600247462171.jpg'><img loading=\"lazy\" decoding=\"async\" width=\"800\" height=\"1200\" src=\"https:\/\/getts.ro\/highlights\/wp-content\/uploads\/2020\/09\/3.-print-ami-scaled-e1600247462171.jpg\" class=\"attachment-full size-full\" alt=\"Men: Tendintele sezonului toamna iarna 2020-2021\" aria-describedby=\"gallery-3-8945\" \/><\/a>\n\t\t\t<\/dt>\n\t\t\t\t<dd class='wp-caption-text gallery-caption' id='gallery-3-8945'>\n\t\t\t\tAmi\n\t\t\t\t<\/dd><\/dl><br style=\"clear: both\" \/>\n\t\t<\/div>\n\n<p><strong>4. Clasic <\/strong><\/p>\n<p>Modelele aristrocratice de <span class=\"word\" data-words=\"c\u0103m\u0103\u0219i,camasi\">c\u0103m\u0103\u0219i<\/span> din secolul <span class=\"word\" data-words=\"al,\u0103l\">al<\/span> 17- lea, reprezentate de volanele voluminoase, revin <span class=\"word\" data-words=\"la,l\u0103\">la<\/span> <span class=\"word\" data-words=\"moda,mod\u0103\">mod\u0103<\/span>. Aceste <span class=\"word\" data-words=\"c\u0103m\u0103\u0219i,camasi\">c\u0103m\u0103\u0219i<\/span> <span class=\"word\" data-words=\"reprezint\u0103,reprezinta\">reprezint\u0103<\/span> o <span class=\"word\" data-words=\"pies\u0103,piesa\">pies\u0103<\/span>\u00a0de <span class=\"word\" data-words=\"rezistenta,rezistent\u0103,rezisten\u021ba,rezisten\u021b\u0103\">rezisten\u021b\u0103<\/span>\u00a0a garderobei unui <span class=\"word\" data-words=\"b\u0103rbat,barbat\">b\u0103rbat<\/span>. Volanele <span class=\"word\" data-words=\"\u021bin,tin\">\u021bin<\/span> locul cravatei <span class=\"word\" data-words=\"sau,s\u0103u,\u0219au\">sau<\/span> papionului <span class=\"word\" data-words=\"\u0219i,si\">\u0219i<\/span> aduc un aer clasic <span class=\"word\" data-words=\"\u0219i,si\">\u0219i<\/span> elegant <span class=\"word\" data-words=\"oric\u0103rui,oricarui\">oric\u0103rui<\/span> <span class=\"word\" data-words=\"b\u0103rbat,barbat\">b\u0103rbat<\/span>.<\/p>\n<div id='gallery-4' class='gallery galleryid-8935 gallery-columns-4 gallery-size-full'><dl class='gallery-item'>\n\t\t\t<dt class='gallery-icon portrait'>\n\t\t\t\t<a href='https:\/\/getts.ro\/highlights\/wp-content\/uploads\/2020\/09\/4.-clasic-dolcegabanna-scaled-e1600247902486.jpg'><img loading=\"lazy\" decoding=\"async\" width=\"800\" height=\"1200\" src=\"https:\/\/getts.ro\/highlights\/wp-content\/uploads\/2020\/09\/4.-clasic-dolcegabanna-scaled-e1600247902486.jpg\" class=\"attachment-full size-full\" alt=\"Men: Tendintele sezonului toamna iarna 2020-2021\" aria-describedby=\"gallery-4-8954\" \/><\/a>\n\t\t\t<\/dt>\n\t\t\t\t<dd class='wp-caption-text gallery-caption' id='gallery-4-8954'>\n\t\t\t\tDolce &#038; Gabbana\n\t\t\t\t<\/dd><\/dl><dl class='gallery-item'>\n\t\t\t<dt class='gallery-icon portrait'>\n\t\t\t\t<a href='https:\/\/getts.ro\/highlights\/wp-content\/uploads\/2020\/09\/4.-clasic-louis-vuitton2-scaled-e1600247893425.jpg'><img loading=\"lazy\" decoding=\"async\" width=\"800\" height=\"1200\" src=\"https:\/\/getts.ro\/highlights\/wp-content\/uploads\/2020\/09\/4.-clasic-louis-vuitton2-scaled-e1600247893425.jpg\" class=\"attachment-full size-full\" alt=\"Men: Tendintele sezonului toamna iarna 2020-2021\" aria-describedby=\"gallery-4-8953\" \/><\/a>\n\t\t\t<\/dt>\n\t\t\t\t<dd class='wp-caption-text gallery-caption' id='gallery-4-8953'>\n\t\t\t\tLouis Vuitton\n\t\t\t\t<\/dd><\/dl><dl class='gallery-item'>\n\t\t\t<dt class='gallery-icon portrait'>\n\t\t\t\t<a href='https:\/\/getts.ro\/highlights\/wp-content\/uploads\/2020\/09\/4.-clasic-louis-vuitton-scaled-e1600247884902.jpg'><img loading=\"lazy\" decoding=\"async\" width=\"800\" height=\"1200\" src=\"https:\/\/getts.ro\/highlights\/wp-content\/uploads\/2020\/09\/4.-clasic-louis-vuitton-scaled-e1600247884902.jpg\" class=\"attachment-full size-full\" alt=\"Men: Tendintele sezonului toamna iarna 2020-2021\" aria-describedby=\"gallery-4-8952\" \/><\/a>\n\t\t\t<\/dt>\n\t\t\t\t<dd class='wp-caption-text gallery-caption' id='gallery-4-8952'>\n\t\t\t\tLouis Vuitton\n\t\t\t\t<\/dd><\/dl><dl class='gallery-item'>\n\t\t\t<dt class='gallery-icon portrait'>\n\t\t\t\t<a href='https:\/\/getts.ro\/highlights\/wp-content\/uploads\/2020\/09\/4.-clasic-ami-scaled-e1600247873781.jpg'><img loading=\"lazy\" decoding=\"async\" width=\"800\" height=\"1200\" src=\"https:\/\/getts.ro\/highlights\/wp-content\/uploads\/2020\/09\/4.-clasic-ami-scaled-e1600247873781.jpg\" class=\"attachment-full size-full\" alt=\"Men: Tendintele sezonului toamna iarna 2020-2021\" aria-describedby=\"gallery-4-8951\" \/><\/a>\n\t\t\t<\/dt>\n\t\t\t\t<dd class='wp-caption-text gallery-caption' id='gallery-4-8951'>\n\t\t\t\tAmi\n\t\t\t\t<\/dd><\/dl><br style=\"clear: both\" \/>\n\t\t<\/div>\n\n<hr \/>\n<p>Text: Andrada Arsenie<\/p>\n<!-- AddThis Advanced Settings generic via filter on the_content --><!-- AddThis Share Buttons generic via filter on the_content -->","protected":false},"excerpt":{"rendered":"<p>\u00cen fiecare sezon, exist\u0103 noi trenduri de mod\u0103 care vin \u0219i pleac\u0103, dar unele r\u0103m\u00e2n pentru o perioad\u0103 mai lung\u0103&#8230;<!-- AddThis Advanced Settings generic via filter on get_the_excerpt --><!-- AddThis Share Buttons generic via filter on get_the_excerpt --><\/p>\n","protected":false},"author":1,"featured_media":8955,"comment_status":"closed","ping_status":"closed","sticky":false,"template":"","format":"standard","meta":{"footnotes":""},"categories":[35,16],"tags":[411,298,45,380,239,131],"class_list":["post-8935","post","type-post","status-publish","format-standard","has-post-thumbnail","hentry","category-men-fashion","category-men","tag-411","tag-fall-winter","tag-getts-men","tag-men-fashion","tag-men-style","tag-men-trends"],"yoast_head":"<!-- This site is optimized with the Yoast SEO plugin v24.3 - https:\/\/yoast.com\/wordpress\/plugins\/seo\/ -->\n<title>Men: Tendintele sezonului toamna iarna 2020-2021 - GETT&#039;S Highlights<\/title>\n<meta name=\"description\" content=\"Men: Tendintele sezonului toamna iarna 2020-2021\" \/>\n<meta name=\"robots\" content=\"index, follow, max-snippet:-1, max-image-preview:large, max-video-preview:-1\" \/>\n<link rel=\"canonical\" href=\"https:\/\/www.getts.ro\/highlights\/men-tendintele-sezonului-toamna-iarna-2020-2021\/\" \/>\n<meta property=\"og:locale\" content=\"en_US\" \/>\n<meta property=\"og:type\" content=\"article\" \/>\n<meta property=\"og:title\" content=\"Men: Tendintele sezonului toamna iarna 2020-2021 - GETT&#039;S Highlights\" \/>\n<meta property=\"og:description\" content=\"Men: Tendintele sezonului toamna iarna 2020-2021\" \/>\n<meta property=\"og:url\" content=\"https:\/\/www.getts.ro\/highlights\/men-tendintele-sezonului-toamna-iarna-2020-2021\/\" \/>\n<meta property=\"og:site_name\" content=\"GETT&#039;S Highlights\" \/>\n<meta property=\"article:published_time\" content=\"2020-09-16T09:30:11+00:00\" \/>\n<meta property=\"og:image\" content=\"https:\/\/getts.ro\/highlights\/wp-content\/uploads\/2020\/09\/Untitled-collage-53.jpg\" \/>\n\t<meta property=\"og:image:width\" content=\"900\" \/>\n\t<meta property=\"og:image:height\" content=\"511\" \/>\n\t<meta property=\"og:image:type\" content=\"image\/jpeg\" \/>\n<meta name=\"author\" content=\"admin\" \/>\n<meta name=\"twitter:card\" content=\"summary_large_image\" \/>\n<meta name=\"twitter:label1\" content=\"Written by\" \/>\n\t<meta name=\"twitter:data1\" content=\"admin\" \/>\n\t<meta name=\"twitter:label2\" content=\"Est. reading time\" \/>\n\t<meta name=\"twitter:data2\" content=\"2 minutes\" \/>\n<script type=\"application\/ld+json\" class=\"yoast-schema-graph\">{\"@context\":\"https:\/\/schema.org\",\"@graph\":[{\"@type\":\"WebPage\",\"@id\":\"https:\/\/www.getts.ro\/highlights\/men-tendintele-sezonului-toamna-iarna-2020-2021\/\",\"url\":\"https:\/\/www.getts.ro\/highlights\/men-tendintele-sezonului-toamna-iarna-2020-2021\/\",\"name\":\"Men: Tendintele sezonului toamna iarna 2020-2021 - GETT&#039;S Highlights\",\"isPartOf\":{\"@id\":\"https:\/\/www.getts.ro\/highlights\/#website\"},\"primaryImageOfPage\":{\"@id\":\"https:\/\/www.getts.ro\/highlights\/men-tendintele-sezonului-toamna-iarna-2020-2021\/#primaryimage\"},\"image\":{\"@id\":\"https:\/\/www.getts.ro\/highlights\/men-tendintele-sezonului-toamna-iarna-2020-2021\/#primaryimage\"},\"thumbnailUrl\":\"https:\/\/getts.ro\/highlights\/wp-content\/uploads\/2020\/09\/Untitled-collage-53.jpg\",\"datePublished\":\"2020-09-16T09:30:11+00:00\",\"dateModified\":\"2020-09-16T09:30:11+00:00\",\"author\":{\"@id\":\"https:\/\/www.getts.ro\/highlights\/#\/schema\/person\/227b6821cfa1a7eff96f7fe69d73ad5d\"},\"description\":\"Men: Tendintele sezonului toamna iarna 2020-2021\",\"breadcrumb\":{\"@id\":\"https:\/\/www.getts.ro\/highlights\/men-tendintele-sezonului-toamna-iarna-2020-2021\/#breadcrumb\"},\"inLanguage\":\"en-US\",\"potentialAction\":[{\"@type\":\"ReadAction\",\"target\":[\"https:\/\/www.getts.ro\/highlights\/men-tendintele-sezonului-toamna-iarna-2020-2021\/\"]}]},{\"@type\":\"ImageObject\",\"inLanguage\":\"en-US\",\"@id\":\"https:\/\/www.getts.ro\/highlights\/men-tendintele-sezonului-toamna-iarna-2020-2021\/#primaryimage\",\"url\":\"https:\/\/getts.ro\/highlights\/wp-content\/uploads\/2020\/09\/Untitled-collage-53.jpg\",\"contentUrl\":\"https:\/\/getts.ro\/highlights\/wp-content\/uploads\/2020\/09\/Untitled-collage-53.jpg\",\"width\":900,\"height\":511,\"caption\":\"Men: Tendintele sezonului toamna iarna 2020-2021\"},{\"@type\":\"BreadcrumbList\",\"@id\":\"https:\/\/www.getts.ro\/highlights\/men-tendintele-sezonului-toamna-iarna-2020-2021\/#breadcrumb\",\"itemListElement\":[{\"@type\":\"ListItem\",\"position\":1,\"name\":\"Home\",\"item\":\"https:\/\/www.getts.ro\/highlights\/\"},{\"@type\":\"ListItem\",\"position\":2,\"name\":\"Men: Tendintele sezonului toamna iarna 2020-2021\"}]},{\"@type\":\"WebSite\",\"@id\":\"https:\/\/www.getts.ro\/highlights\/#website\",\"url\":\"https:\/\/www.getts.ro\/highlights\/\",\"name\":\"GETT&#039;S Highlights\",\"description\":\"\",\"potentialAction\":[{\"@type\":\"SearchAction\",\"target\":{\"@type\":\"EntryPoint\",\"urlTemplate\":\"https:\/\/www.getts.ro\/highlights\/?s={search_term_string}\"},\"query-input\":{\"@type\":\"PropertyValueSpecification\",\"valueRequired\":true,\"valueName\":\"search_term_string\"}}],\"inLanguage\":\"en-US\"},{\"@type\":\"Person\",\"@id\":\"https:\/\/www.getts.ro\/highlights\/#\/schema\/person\/227b6821cfa1a7eff96f7fe69d73ad5d\",\"name\":\"admin\",\"image\":{\"@type\":\"ImageObject\",\"inLanguage\":\"en-US\",\"@id\":\"https:\/\/www.getts.ro\/highlights\/#\/schema\/person\/image\/\",\"url\":\"https:\/\/secure.gravatar.com\/avatar\/e16ffa47ceab26fc5e496b00edde61b0?s=96&d=mm&r=g\",\"contentUrl\":\"https:\/\/secure.gravatar.com\/avatar\/e16ffa47ceab26fc5e496b00edde61b0?s=96&d=mm&r=g\",\"caption\":\"admin\"},\"url\":\"https:\/\/www.getts.ro\/highlights\/author\/admin\/\"}]}<\/script>\n<!-- \/ Yoast SEO plugin. -->","yoast_head_json":{"title":"Men: Tendintele sezonului toamna iarna 2020-2021 - GETT&#039;S Highlights","description":"Men: Tendintele sezonului toamna iarna 2020-2021","robots":{"index":"index","follow":"follow","max-snippet":"max-snippet:-1","max-image-preview":"max-image-preview:large","max-video-preview":"max-video-preview:-1"},"canonical":"https:\/\/www.getts.ro\/highlights\/men-tendintele-sezonului-toamna-iarna-2020-2021\/","og_locale":"en_US","og_type":"article","og_title":"Men: Tendintele sezonului toamna iarna 2020-2021 - GETT&#039;S Highlights","og_description":"Men: Tendintele sezonului toamna iarna 2020-2021","og_url":"https:\/\/www.getts.ro\/highlights\/men-tendintele-sezonului-toamna-iarna-2020-2021\/","og_site_name":"GETT&#039;S Highlights","article_published_time":"2020-09-16T09:30:11+00:00","og_image":[{"width":900,"height":511,"url":"https:\/\/getts.ro\/highlights\/wp-content\/uploads\/2020\/09\/Untitled-collage-53.jpg","type":"image\/jpeg"}],"author":"admin","twitter_card":"summary_large_image","twitter_misc":{"Written by":"admin","Est. reading time":"2 minutes"},"schema":{"@context":"https:\/\/schema.org","@graph":[{"@type":"WebPage","@id":"https:\/\/www.getts.ro\/highlights\/men-tendintele-sezonului-toamna-iarna-2020-2021\/","url":"https:\/\/www.getts.ro\/highlights\/men-tendintele-sezonului-toamna-iarna-2020-2021\/","name":"Men: Tendintele sezonului toamna iarna 2020-2021 - GETT&#039;S Highlights","isPartOf":{"@id":"https:\/\/www.getts.ro\/highlights\/#website"},"primaryImageOfPage":{"@id":"https:\/\/www.getts.ro\/highlights\/men-tendintele-sezonului-toamna-iarna-2020-2021\/#primaryimage"},"image":{"@id":"https:\/\/www.getts.ro\/highlights\/men-tendintele-sezonului-toamna-iarna-2020-2021\/#primaryimage"},"thumbnailUrl":"https:\/\/getts.ro\/highlights\/wp-content\/uploads\/2020\/09\/Untitled-collage-53.jpg","datePublished":"2020-09-16T09:30:11+00:00","dateModified":"2020-09-16T09:30:11+00:00","author":{"@id":"https:\/\/www.getts.ro\/highlights\/#\/schema\/person\/227b6821cfa1a7eff96f7fe69d73ad5d"},"description":"Men: Tendintele sezonului toamna iarna 2020-2021","breadcrumb":{"@id":"https:\/\/www.getts.ro\/highlights\/men-tendintele-sezonului-toamna-iarna-2020-2021\/#breadcrumb"},"inLanguage":"en-US","potentialAction":[{"@type":"ReadAction","target":["https:\/\/www.getts.ro\/highlights\/men-tendintele-sezonului-toamna-iarna-2020-2021\/"]}]},{"@type":"ImageObject","inLanguage":"en-US","@id":"https:\/\/www.getts.ro\/highlights\/men-tendintele-sezonului-toamna-iarna-2020-2021\/#primaryimage","url":"https:\/\/getts.ro\/highlights\/wp-content\/uploads\/2020\/09\/Untitled-collage-53.jpg","contentUrl":"https:\/\/getts.ro\/highlights\/wp-content\/uploads\/2020\/09\/Untitled-collage-53.jpg","width":900,"height":511,"caption":"Men: Tendintele sezonului toamna iarna 2020-2021"},{"@type":"BreadcrumbList","@id":"https:\/\/www.getts.ro\/highlights\/men-tendintele-sezonului-toamna-iarna-2020-2021\/#breadcrumb","itemListElement":[{"@type":"ListItem","position":1,"name":"Home","item":"https:\/\/www.getts.ro\/highlights\/"},{"@type":"ListItem","position":2,"name":"Men: Tendintele sezonului toamna iarna 2020-2021"}]},{"@type":"WebSite","@id":"https:\/\/www.getts.ro\/highlights\/#website","url":"https:\/\/www.getts.ro\/highlights\/","name":"GETT&#039;S Highlights","description":"","potentialAction":[{"@type":"SearchAction","target":{"@type":"EntryPoint","urlTemplate":"https:\/\/www.getts.ro\/highlights\/?s={search_term_string}"},"query-input":{"@type":"PropertyValueSpecification","valueRequired":true,"valueName":"search_term_string"}}],"inLanguage":"en-US"},{"@type":"Person","@id":"https:\/\/www.getts.ro\/highlights\/#\/schema\/person\/227b6821cfa1a7eff96f7fe69d73ad5d","name":"admin","image":{"@type":"ImageObject","inLanguage":"en-US","@id":"https:\/\/www.getts.ro\/highlights\/#\/schema\/person\/image\/","url":"https:\/\/secure.gravatar.com\/avatar\/e16ffa47ceab26fc5e496b00edde61b0?s=96&d=mm&r=g","contentUrl":"https:\/\/secure.gravatar.com\/avatar\/e16ffa47ceab26fc5e496b00edde61b0?s=96&d=mm&r=g","caption":"admin"},"url":"https:\/\/www.getts.ro\/highlights\/author\/admin\/"}]}},"_links":{"self":[{"href":"https:\/\/www.getts.ro\/highlights\/wp-json\/wp\/v2\/posts\/8935","targetHints":{"allow":["GET"]}}],"collection":[{"href":"https:\/\/www.getts.ro\/highlights\/wp-json\/wp\/v2\/posts"}],"about":[{"href":"https:\/\/www.getts.ro\/highlights\/wp-json\/wp\/v2\/types\/post"}],"author":[{"embeddable":true,"href":"https:\/\/www.getts.ro\/highlights\/wp-json\/wp\/v2\/users\/1"}],"replies":[{"embeddable":true,"href":"https:\/\/www.getts.ro\/highlights\/wp-json\/wp\/v2\/comments?post=8935"}],"version-history":[{"count":1,"href":"https:\/\/www.getts.ro\/highlights\/wp-json\/wp\/v2\/posts\/8935\/revisions"}],"predecessor-version":[{"id":8956,"href":"https:\/\/www.getts.ro\/highlights\/wp-json\/wp\/v2\/posts\/8935\/revisions\/8956"}],"wp:featuredmedia":[{"embeddable":true,"href":"https:\/\/www.getts.ro\/highlights\/wp-json\/wp\/v2\/media\/8955"}],"wp:attachment":[{"href":"https:\/\/www.getts.ro\/highlights\/wp-json\/wp\/v2\/media?parent=8935"}],"wp:term":[{"taxonomy":"category","embeddable":true,"href":"https:\/\/www.getts.ro\/highlights\/wp-json\/wp\/v2\/categories?post=8935"},{"taxonomy":"post_tag","embeddable":true,"href":"https:\/\/www.getts.ro\/highlights\/wp-json\/wp\/v2\/tags?post=8935"}],"curies":[{"name":"wp","href":"https:\/\/api.w.org\/{rel}","templated":true}]}}