{"id":5966,"date":"2019-09-27T11:59:19","date_gmt":"2019-09-27T08:59:19","guid":{"rendered":"http:\/\/www.getts.ro\/highlights\/?p=5966"},"modified":"2019-10-18T16:38:42","modified_gmt":"2019-10-18T13:38:42","slug":"men-street-style-report-fashion-week-2019-2020","status":"publish","type":"post","link":"https:\/\/www.getts.ro\/highlights\/men-street-style-report-fashion-week-2019-2020\/","title":{"rendered":"MEN STREET STYLE REPORT &#8211; Fashion Week 2019-2020"},"content":{"rendered":"<p>MEN STREET STYLE REPORT- Fashion Week 2019-2020. Fiecare ora\u0219 mare al modei, de la New York p\u00e2n\u0103 la Paris, a sus\u021binut \u00een luna septembrie s\u0103pt\u0103m\u00e2na modei, unde cele mai mari case de mod\u0103 au prezentat trendurile pentru sezonul urm\u0103tor. Str\u0103zile au fost invadate de \u021binute stylish, care mai de care mai inspira\u021bionale.<\/p>\n<p><strong>\u00cen acest articol, am realizat un fashion report ce \u00eenglobeaz\u0103 cele mai funky apari\u021bii ale b\u0103rba\u021bilor pe str\u0103zile din New York, Milano, Londra \u0219i Paris:<\/strong><\/p>\n<div id='gallery-1' class='gallery galleryid-5966 gallery-columns-3 gallery-size-full'><dl class='gallery-item'>\n\t\t\t<dt class='gallery-icon portrait'>\n\t\t\t\t<a href='https:\/\/getts.ro\/highlights\/wp-content\/uploads\/2019\/09\/new-york-men-s-fashion-week-street-style-spring-summer-2020-runway-season-3.jpg'><img loading=\"lazy\" decoding=\"async\" width=\"434\" height=\"650\" src=\"https:\/\/getts.ro\/highlights\/wp-content\/uploads\/2019\/09\/new-york-men-s-fashion-week-street-style-spring-summer-2020-runway-season-3.jpg\" class=\"attachment-full size-full\" alt=\"MEN STREET STYLE REPORT- Fashion Week 2019-2020\" aria-describedby=\"gallery-1-5967\" srcset=\"https:\/\/getts.ro\/highlights\/wp-content\/uploads\/2019\/09\/new-york-men-s-fashion-week-street-style-spring-summer-2020-runway-season-3.jpg 434w, https:\/\/getts.ro\/highlights\/wp-content\/uploads\/2019\/09\/new-york-men-s-fashion-week-street-style-spring-summer-2020-runway-season-3-200x300.jpg 200w\" sizes=\"auto, (max-width: 434px) 100vw, 434px\" \/><\/a>\n\t\t\t<\/dt>\n\t\t\t\t<dd class='wp-caption-text gallery-caption' id='gallery-1-5967'>\n\t\t\t\tStreet style at New York Fashion Week Spring\/Summer 2020\n\t\t\t\t<\/dd><\/dl><dl class='gallery-item'>\n\t\t\t<dt class='gallery-icon portrait'>\n\t\t\t\t<a href='https:\/\/getts.ro\/highlights\/wp-content\/uploads\/2019\/09\/new-york-men-s-fashion-week-street-style-spring-summer-2020-runway-season-21.jpg'><img loading=\"lazy\" decoding=\"async\" width=\"433\" height=\"650\" src=\"https:\/\/getts.ro\/highlights\/wp-content\/uploads\/2019\/09\/new-york-men-s-fashion-week-street-style-spring-summer-2020-runway-season-21.jpg\" class=\"attachment-full size-full\" alt=\"MEN STREET STYLE REPORT- Fashion Week 2019-2020\" aria-describedby=\"gallery-1-5968\" srcset=\"https:\/\/getts.ro\/highlights\/wp-content\/uploads\/2019\/09\/new-york-men-s-fashion-week-street-style-spring-summer-2020-runway-season-21.jpg 433w, https:\/\/getts.ro\/highlights\/wp-content\/uploads\/2019\/09\/new-york-men-s-fashion-week-street-style-spring-summer-2020-runway-season-21-200x300.jpg 200w\" sizes=\"auto, (max-width: 433px) 100vw, 433px\" \/><\/a>\n\t\t\t<\/dt>\n\t\t\t\t<dd class='wp-caption-text gallery-caption' id='gallery-1-5968'>\n\t\t\t\tStreet style at New York Fashion Week Spring\/Summer 2020\n\t\t\t\t<\/dd><\/dl><dl class='gallery-item'>\n\t\t\t<dt class='gallery-icon portrait'>\n\t\t\t\t<a href='https:\/\/getts.ro\/highlights\/wp-content\/uploads\/2019\/09\/new-york-men-s-fashion-week-street-style-spring-summer-2020-runway-season-35.jpg'><img loading=\"lazy\" decoding=\"async\" width=\"434\" height=\"650\" src=\"https:\/\/getts.ro\/highlights\/wp-content\/uploads\/2019\/09\/new-york-men-s-fashion-week-street-style-spring-summer-2020-runway-season-35.jpg\" class=\"attachment-full size-full\" alt=\"MEN STREET STYLE REPORT- Fashion Week 2019-2020\" aria-describedby=\"gallery-1-5969\" srcset=\"https:\/\/getts.ro\/highlights\/wp-content\/uploads\/2019\/09\/new-york-men-s-fashion-week-street-style-spring-summer-2020-runway-season-35.jpg 434w, https:\/\/getts.ro\/highlights\/wp-content\/uploads\/2019\/09\/new-york-men-s-fashion-week-street-style-spring-summer-2020-runway-season-35-200x300.jpg 200w\" sizes=\"auto, (max-width: 434px) 100vw, 434px\" \/><\/a>\n\t\t\t<\/dt>\n\t\t\t\t<dd class='wp-caption-text gallery-caption' id='gallery-1-5969'>\n\t\t\t\tStreet style at New York Fashion Week Spring\/Summer 2020\n\t\t\t\t<\/dd><\/dl><br style=\"clear: both\" \/>\n\t\t<\/div>\n\n<p>&nbsp;<\/p>\n<div id='gallery-2' class='gallery galleryid-5966 gallery-columns-4 gallery-size-full'><dl class='gallery-item'>\n\t\t\t<dt class='gallery-icon portrait'>\n\t\t\t\t<a href='https:\/\/getts.ro\/highlights\/wp-content\/uploads\/2019\/09\/street-style-london-fashion-week-mens-ss20-lfw-photos-039.jpg'><img loading=\"lazy\" decoding=\"async\" width=\"683\" height=\"1025\" src=\"https:\/\/getts.ro\/highlights\/wp-content\/uploads\/2019\/09\/street-style-london-fashion-week-mens-ss20-lfw-photos-039.jpg\" class=\"attachment-full size-full\" alt=\"MEN STREET STYLE REPORT- Fashion Week 2019-2020\" aria-describedby=\"gallery-2-5970\" srcset=\"https:\/\/getts.ro\/highlights\/wp-content\/uploads\/2019\/09\/street-style-london-fashion-week-mens-ss20-lfw-photos-039.jpg 683w, https:\/\/getts.ro\/highlights\/wp-content\/uploads\/2019\/09\/street-style-london-fashion-week-mens-ss20-lfw-photos-039-200x300.jpg 200w, https:\/\/getts.ro\/highlights\/wp-content\/uploads\/2019\/09\/street-style-london-fashion-week-mens-ss20-lfw-photos-039-682x1024.jpg 682w\" sizes=\"auto, (max-width: 683px) 100vw, 683px\" \/><\/a>\n\t\t\t<\/dt>\n\t\t\t\t<dd class='wp-caption-text gallery-caption' id='gallery-2-5970'>\n\t\t\t\tStreet style at London Fashion Week Men&#8217;s spring 2020\n\t\t\t\t<\/dd><\/dl><dl class='gallery-item'>\n\t\t\t<dt class='gallery-icon portrait'>\n\t\t\t\t<a href='https:\/\/getts.ro\/highlights\/wp-content\/uploads\/2019\/09\/street-style-london-fashion-week-mens-ss20-lfw-photos-042.jpg'><img loading=\"lazy\" decoding=\"async\" width=\"683\" height=\"1025\" src=\"https:\/\/getts.ro\/highlights\/wp-content\/uploads\/2019\/09\/street-style-london-fashion-week-mens-ss20-lfw-photos-042.jpg\" class=\"attachment-full size-full\" alt=\"MEN STREET STYLE REPORT- Fashion Week 2019-2020\" aria-describedby=\"gallery-2-5971\" srcset=\"https:\/\/getts.ro\/highlights\/wp-content\/uploads\/2019\/09\/street-style-london-fashion-week-mens-ss20-lfw-photos-042.jpg 683w, https:\/\/getts.ro\/highlights\/wp-content\/uploads\/2019\/09\/street-style-london-fashion-week-mens-ss20-lfw-photos-042-200x300.jpg 200w, https:\/\/getts.ro\/highlights\/wp-content\/uploads\/2019\/09\/street-style-london-fashion-week-mens-ss20-lfw-photos-042-682x1024.jpg 682w\" sizes=\"auto, (max-width: 683px) 100vw, 683px\" \/><\/a>\n\t\t\t<\/dt>\n\t\t\t\t<dd class='wp-caption-text gallery-caption' id='gallery-2-5971'>\n\t\t\t\tStreet style at London Fashion Week Men&#8217;s spring 2020\n\t\t\t\t<\/dd><\/dl><dl class='gallery-item'>\n\t\t\t<dt class='gallery-icon portrait'>\n\t\t\t\t<a href='https:\/\/getts.ro\/highlights\/wp-content\/uploads\/2019\/09\/street-style-london-fashion-week-mens-ss20-lfw-photos-056.jpg'><img loading=\"lazy\" decoding=\"async\" width=\"683\" height=\"1025\" src=\"https:\/\/getts.ro\/highlights\/wp-content\/uploads\/2019\/09\/street-style-london-fashion-week-mens-ss20-lfw-photos-056.jpg\" class=\"attachment-full size-full\" alt=\"MEN STREET STYLE REPORT- Fashion Week 2019-2020\" aria-describedby=\"gallery-2-5972\" srcset=\"https:\/\/getts.ro\/highlights\/wp-content\/uploads\/2019\/09\/street-style-london-fashion-week-mens-ss20-lfw-photos-056.jpg 683w, https:\/\/getts.ro\/highlights\/wp-content\/uploads\/2019\/09\/street-style-london-fashion-week-mens-ss20-lfw-photos-056-200x300.jpg 200w, https:\/\/getts.ro\/highlights\/wp-content\/uploads\/2019\/09\/street-style-london-fashion-week-mens-ss20-lfw-photos-056-682x1024.jpg 682w\" sizes=\"auto, (max-width: 683px) 100vw, 683px\" \/><\/a>\n\t\t\t<\/dt>\n\t\t\t\t<dd class='wp-caption-text gallery-caption' id='gallery-2-5972'>\n\t\t\t\tStreet style at London Fashion Week Men&#8217;s spring 2020\n\t\t\t\t<\/dd><\/dl><dl class='gallery-item'>\n\t\t\t<dt class='gallery-icon portrait'>\n\t\t\t\t<a href='https:\/\/getts.ro\/highlights\/wp-content\/uploads\/2019\/09\/street-style-london-fashion-week-mens-ss20-lfw-photos-075.jpg'><img loading=\"lazy\" decoding=\"async\" width=\"683\" height=\"1025\" src=\"https:\/\/getts.ro\/highlights\/wp-content\/uploads\/2019\/09\/street-style-london-fashion-week-mens-ss20-lfw-photos-075.jpg\" class=\"attachment-full size-full\" alt=\"MEN STREET STYLE REPORT- Fashion Week 2019-2020\" aria-describedby=\"gallery-2-5973\" srcset=\"https:\/\/getts.ro\/highlights\/wp-content\/uploads\/2019\/09\/street-style-london-fashion-week-mens-ss20-lfw-photos-075.jpg 683w, https:\/\/getts.ro\/highlights\/wp-content\/uploads\/2019\/09\/street-style-london-fashion-week-mens-ss20-lfw-photos-075-200x300.jpg 200w, https:\/\/getts.ro\/highlights\/wp-content\/uploads\/2019\/09\/street-style-london-fashion-week-mens-ss20-lfw-photos-075-682x1024.jpg 682w\" sizes=\"auto, (max-width: 683px) 100vw, 683px\" \/><\/a>\n\t\t\t<\/dt>\n\t\t\t\t<dd class='wp-caption-text gallery-caption' id='gallery-2-5973'>\n\t\t\t\tStreet style at London Fashion Week Men&#8217;s spring 2020\n\t\t\t\t<\/dd><\/dl><br style=\"clear: both\" \/>\n\t\t<\/div>\n\n<p>&nbsp;<\/p>\n<div id='gallery-3' class='gallery galleryid-5966 gallery-columns-3 gallery-size-full'><dl class='gallery-item'>\n\t\t\t<dt class='gallery-icon portrait'>\n\t\t\t\t<a href='https:\/\/getts.ro\/highlights\/wp-content\/uploads\/2019\/09\/ASAP-ROCKY.jpg'><img loading=\"lazy\" decoding=\"async\" width=\"1024\" height=\"1536\" src=\"https:\/\/getts.ro\/highlights\/wp-content\/uploads\/2019\/09\/ASAP-ROCKY.jpg\" class=\"attachment-full size-full\" alt=\"MEN STREET STYLE REPORT- Fashion Week 2019-2020\" aria-describedby=\"gallery-3-5982\" srcset=\"https:\/\/getts.ro\/highlights\/wp-content\/uploads\/2019\/09\/ASAP-ROCKY.jpg 1024w, https:\/\/getts.ro\/highlights\/wp-content\/uploads\/2019\/09\/ASAP-ROCKY-200x300.jpg 200w, https:\/\/getts.ro\/highlights\/wp-content\/uploads\/2019\/09\/ASAP-ROCKY-768x1152.jpg 768w, https:\/\/getts.ro\/highlights\/wp-content\/uploads\/2019\/09\/ASAP-ROCKY-683x1024.jpg 683w\" sizes=\"auto, (max-width: 1024px) 100vw, 1024px\" \/><\/a>\n\t\t\t<\/dt>\n\t\t\t\t<dd class='wp-caption-text gallery-caption' id='gallery-3-5982'>\n\t\t\t\tStreet style at Milan Fashion Week Men&#8217;s spring 2020\n\t\t\t\t<\/dd><\/dl><dl class='gallery-item'>\n\t\t\t<dt class='gallery-icon portrait'>\n\t\t\t\t<a href='https:\/\/getts.ro\/highlights\/wp-content\/uploads\/2019\/09\/street-style-milan-fashion-week-mens-ss20-mfw-photos-020.jpg'><img loading=\"lazy\" decoding=\"async\" width=\"683\" height=\"1025\" src=\"https:\/\/getts.ro\/highlights\/wp-content\/uploads\/2019\/09\/street-style-milan-fashion-week-mens-ss20-mfw-photos-020.jpg\" class=\"attachment-full size-full\" alt=\"MEN STREET STYLE REPORT- Fashion Week 2019-2020\" aria-describedby=\"gallery-3-5978\" srcset=\"https:\/\/getts.ro\/highlights\/wp-content\/uploads\/2019\/09\/street-style-milan-fashion-week-mens-ss20-mfw-photos-020.jpg 683w, https:\/\/getts.ro\/highlights\/wp-content\/uploads\/2019\/09\/street-style-milan-fashion-week-mens-ss20-mfw-photos-020-200x300.jpg 200w, https:\/\/getts.ro\/highlights\/wp-content\/uploads\/2019\/09\/street-style-milan-fashion-week-mens-ss20-mfw-photos-020-682x1024.jpg 682w\" sizes=\"auto, (max-width: 683px) 100vw, 683px\" \/><\/a>\n\t\t\t<\/dt>\n\t\t\t\t<dd class='wp-caption-text gallery-caption' id='gallery-3-5978'>\n\t\t\t\tStreet style at Milan Fashion Week Men&#8217;s spring 2020\n\t\t\t\t<\/dd><\/dl><dl class='gallery-item'>\n\t\t\t<dt class='gallery-icon portrait'>\n\t\t\t\t<a href='https:\/\/getts.ro\/highlights\/wp-content\/uploads\/2019\/09\/street-style-milan-fashion-week-mens-ss20-mfw-photos-018.jpg'><img loading=\"lazy\" decoding=\"async\" width=\"683\" height=\"1025\" src=\"https:\/\/getts.ro\/highlights\/wp-content\/uploads\/2019\/09\/street-style-milan-fashion-week-mens-ss20-mfw-photos-018.jpg\" class=\"attachment-full size-full\" alt=\"MEN STREET STYLE REPORT- Fashion Week 2019-2020\" aria-describedby=\"gallery-3-5977\" srcset=\"https:\/\/getts.ro\/highlights\/wp-content\/uploads\/2019\/09\/street-style-milan-fashion-week-mens-ss20-mfw-photos-018.jpg 683w, https:\/\/getts.ro\/highlights\/wp-content\/uploads\/2019\/09\/street-style-milan-fashion-week-mens-ss20-mfw-photos-018-200x300.jpg 200w, https:\/\/getts.ro\/highlights\/wp-content\/uploads\/2019\/09\/street-style-milan-fashion-week-mens-ss20-mfw-photos-018-682x1024.jpg 682w\" sizes=\"auto, (max-width: 683px) 100vw, 683px\" \/><\/a>\n\t\t\t<\/dt>\n\t\t\t\t<dd class='wp-caption-text gallery-caption' id='gallery-3-5977'>\n\t\t\t\tStreet style at Milan Fashion Week Men&#8217;s spring 2020\n\t\t\t\t<\/dd><\/dl><br style=\"clear: both\" \/>\n\t\t<\/div>\n\n<p>&nbsp;<\/p>\n<div id='gallery-4' class='gallery galleryid-5966 gallery-columns-4 gallery-size-full'><dl class='gallery-item'>\n\t\t\t<dt class='gallery-icon portrait'>\n\t\t\t\t<a href='https:\/\/getts.ro\/highlights\/wp-content\/uploads\/2019\/09\/street-style-milan-fashion-week-mens-ss20-mfw-photos-025.jpg'><img loading=\"lazy\" decoding=\"async\" width=\"683\" height=\"1025\" src=\"https:\/\/getts.ro\/highlights\/wp-content\/uploads\/2019\/09\/street-style-milan-fashion-week-mens-ss20-mfw-photos-025.jpg\" class=\"attachment-full size-full\" alt=\"MEN STREET STYLE REPORT- Fashion Week 2019-2020\" aria-describedby=\"gallery-4-5981\" srcset=\"https:\/\/getts.ro\/highlights\/wp-content\/uploads\/2019\/09\/street-style-milan-fashion-week-mens-ss20-mfw-photos-025.jpg 683w, https:\/\/getts.ro\/highlights\/wp-content\/uploads\/2019\/09\/street-style-milan-fashion-week-mens-ss20-mfw-photos-025-200x300.jpg 200w, https:\/\/getts.ro\/highlights\/wp-content\/uploads\/2019\/09\/street-style-milan-fashion-week-mens-ss20-mfw-photos-025-682x1024.jpg 682w\" sizes=\"auto, (max-width: 683px) 100vw, 683px\" \/><\/a>\n\t\t\t<\/dt>\n\t\t\t\t<dd class='wp-caption-text gallery-caption' id='gallery-4-5981'>\n\t\t\t\tStreet style at Milan Fashion Week Men&#8217;s spring 2020\n\t\t\t\t<\/dd><\/dl><dl class='gallery-item'>\n\t\t\t<dt class='gallery-icon portrait'>\n\t\t\t\t<a href='https:\/\/getts.ro\/highlights\/wp-content\/uploads\/2019\/09\/street-style-milan-fashion-week-mens-ss20-mfw-photos-023.jpg'><img loading=\"lazy\" decoding=\"async\" width=\"683\" height=\"1025\" src=\"https:\/\/getts.ro\/highlights\/wp-content\/uploads\/2019\/09\/street-style-milan-fashion-week-mens-ss20-mfw-photos-023.jpg\" class=\"attachment-full size-full\" alt=\"\" aria-describedby=\"gallery-4-5980\" srcset=\"https:\/\/getts.ro\/highlights\/wp-content\/uploads\/2019\/09\/street-style-milan-fashion-week-mens-ss20-mfw-photos-023.jpg 683w, https:\/\/getts.ro\/highlights\/wp-content\/uploads\/2019\/09\/street-style-milan-fashion-week-mens-ss20-mfw-photos-023-200x300.jpg 200w, https:\/\/getts.ro\/highlights\/wp-content\/uploads\/2019\/09\/street-style-milan-fashion-week-mens-ss20-mfw-photos-023-682x1024.jpg 682w\" sizes=\"auto, (max-width: 683px) 100vw, 683px\" \/><\/a>\n\t\t\t<\/dt>\n\t\t\t\t<dd class='wp-caption-text gallery-caption' id='gallery-4-5980'>\n\t\t\t\tStreet style at Milan Fashion Week Men&#8217;s spring 2020\n\t\t\t\t<\/dd><\/dl><dl class='gallery-item'>\n\t\t\t<dt class='gallery-icon portrait'>\n\t\t\t\t<a href='https:\/\/getts.ro\/highlights\/wp-content\/uploads\/2019\/09\/street-style-milan-fashion-week-mens-ss20-mfw-photos-022.jpg'><img loading=\"lazy\" decoding=\"async\" width=\"683\" height=\"1025\" src=\"https:\/\/getts.ro\/highlights\/wp-content\/uploads\/2019\/09\/street-style-milan-fashion-week-mens-ss20-mfw-photos-022.jpg\" class=\"attachment-full size-full\" alt=\"MEN STREET STYLE REPORT- Fashion Week 2019-2020\" aria-describedby=\"gallery-4-5979\" srcset=\"https:\/\/getts.ro\/highlights\/wp-content\/uploads\/2019\/09\/street-style-milan-fashion-week-mens-ss20-mfw-photos-022.jpg 683w, https:\/\/getts.ro\/highlights\/wp-content\/uploads\/2019\/09\/street-style-milan-fashion-week-mens-ss20-mfw-photos-022-200x300.jpg 200w, https:\/\/getts.ro\/highlights\/wp-content\/uploads\/2019\/09\/street-style-milan-fashion-week-mens-ss20-mfw-photos-022-682x1024.jpg 682w\" sizes=\"auto, (max-width: 683px) 100vw, 683px\" \/><\/a>\n\t\t\t<\/dt>\n\t\t\t\t<dd class='wp-caption-text gallery-caption' id='gallery-4-5979'>\n\t\t\t\tStreet style at Milan Fashion Week Men&#8217;s spring 2020\n\t\t\t\t<\/dd><\/dl><dl class='gallery-item'>\n\t\t\t<dt class='gallery-icon portrait'>\n\t\t\t\t<a href='https:\/\/getts.ro\/highlights\/wp-content\/uploads\/2019\/09\/street-style-milan-fashion-week-mens-ss20-mfw-photos-016.jpg'><img loading=\"lazy\" decoding=\"async\" width=\"683\" height=\"1025\" src=\"https:\/\/getts.ro\/highlights\/wp-content\/uploads\/2019\/09\/street-style-milan-fashion-week-mens-ss20-mfw-photos-016.jpg\" class=\"attachment-full size-full\" alt=\"MEN STREET STYLE REPORT- Fashion Week 2019-2020\" aria-describedby=\"gallery-4-5976\" srcset=\"https:\/\/getts.ro\/highlights\/wp-content\/uploads\/2019\/09\/street-style-milan-fashion-week-mens-ss20-mfw-photos-016.jpg 683w, https:\/\/getts.ro\/highlights\/wp-content\/uploads\/2019\/09\/street-style-milan-fashion-week-mens-ss20-mfw-photos-016-200x300.jpg 200w, https:\/\/getts.ro\/highlights\/wp-content\/uploads\/2019\/09\/street-style-milan-fashion-week-mens-ss20-mfw-photos-016-682x1024.jpg 682w\" sizes=\"auto, (max-width: 683px) 100vw, 683px\" \/><\/a>\n\t\t\t<\/dt>\n\t\t\t\t<dd class='wp-caption-text gallery-caption' id='gallery-4-5976'>\n\t\t\t\tStreet style at Milan Fashion Week Men&#8217;s spring 2020\n\t\t\t\t<\/dd><\/dl><br style=\"clear: both\" \/>\n\t\t<\/div>\n\n<p>&nbsp;<\/p>\n<div id='gallery-5' class='gallery galleryid-5966 gallery-columns-3 gallery-size-full'><dl class='gallery-item'>\n\t\t\t<dt class='gallery-icon portrait'>\n\t\t\t\t<a href='https:\/\/getts.ro\/highlights\/wp-content\/uploads\/2019\/09\/street-style-paris-fashion-week-mens-ss20-pfw-photos-218.jpg'><img loading=\"lazy\" decoding=\"async\" width=\"683\" height=\"1025\" src=\"https:\/\/getts.ro\/highlights\/wp-content\/uploads\/2019\/09\/street-style-paris-fashion-week-mens-ss20-pfw-photos-218.jpg\" class=\"attachment-full size-full\" alt=\"MEN STREET STYLE REPORT- Fashion Week 2019-2020\" aria-describedby=\"gallery-5-5984\" srcset=\"https:\/\/getts.ro\/highlights\/wp-content\/uploads\/2019\/09\/street-style-paris-fashion-week-mens-ss20-pfw-photos-218.jpg 683w, https:\/\/getts.ro\/highlights\/wp-content\/uploads\/2019\/09\/street-style-paris-fashion-week-mens-ss20-pfw-photos-218-200x300.jpg 200w, https:\/\/getts.ro\/highlights\/wp-content\/uploads\/2019\/09\/street-style-paris-fashion-week-mens-ss20-pfw-photos-218-682x1024.jpg 682w\" sizes=\"auto, (max-width: 683px) 100vw, 683px\" \/><\/a>\n\t\t\t<\/dt>\n\t\t\t\t<dd class='wp-caption-text gallery-caption' id='gallery-5-5984'>\n\t\t\t\tStreet style at Paris Fashion Week Men&#8217;s spring 2020\n\t\t\t\t<\/dd><\/dl><dl class='gallery-item'>\n\t\t\t<dt class='gallery-icon portrait'>\n\t\t\t\t<a href='https:\/\/getts.ro\/highlights\/wp-content\/uploads\/2019\/09\/street-style-paris-fashion-week-mens-ss20-pfw-photos-203.jpg'><img loading=\"lazy\" decoding=\"async\" width=\"683\" height=\"1025\" src=\"https:\/\/getts.ro\/highlights\/wp-content\/uploads\/2019\/09\/street-style-paris-fashion-week-mens-ss20-pfw-photos-203.jpg\" class=\"attachment-full size-full\" alt=\"MEN STREET STYLE REPORT- Fashion Week 2019-2020\" aria-describedby=\"gallery-5-5983\" srcset=\"https:\/\/getts.ro\/highlights\/wp-content\/uploads\/2019\/09\/street-style-paris-fashion-week-mens-ss20-pfw-photos-203.jpg 683w, https:\/\/getts.ro\/highlights\/wp-content\/uploads\/2019\/09\/street-style-paris-fashion-week-mens-ss20-pfw-photos-203-200x300.jpg 200w, https:\/\/getts.ro\/highlights\/wp-content\/uploads\/2019\/09\/street-style-paris-fashion-week-mens-ss20-pfw-photos-203-682x1024.jpg 682w\" sizes=\"auto, (max-width: 683px) 100vw, 683px\" \/><\/a>\n\t\t\t<\/dt>\n\t\t\t\t<dd class='wp-caption-text gallery-caption' id='gallery-5-5983'>\n\t\t\t\tStreet style at Paris Fashion Week Men&#8217;s spring 2020\n\t\t\t\t<\/dd><\/dl><dl class='gallery-item'>\n\t\t\t<dt class='gallery-icon portrait'>\n\t\t\t\t<a href='https:\/\/getts.ro\/highlights\/wp-content\/uploads\/2019\/09\/street-style-paris-fashion-week-mens-ss20-pfw-photos-323.jpg'><img loading=\"lazy\" decoding=\"async\" width=\"683\" height=\"1025\" src=\"https:\/\/getts.ro\/highlights\/wp-content\/uploads\/2019\/09\/street-style-paris-fashion-week-mens-ss20-pfw-photos-323.jpg\" class=\"attachment-full size-full\" alt=\"MEN STREET STYLE REPORT- Fashion Week 2019-2020\" aria-describedby=\"gallery-5-5986\" srcset=\"https:\/\/getts.ro\/highlights\/wp-content\/uploads\/2019\/09\/street-style-paris-fashion-week-mens-ss20-pfw-photos-323.jpg 683w, https:\/\/getts.ro\/highlights\/wp-content\/uploads\/2019\/09\/street-style-paris-fashion-week-mens-ss20-pfw-photos-323-200x300.jpg 200w, https:\/\/getts.ro\/highlights\/wp-content\/uploads\/2019\/09\/street-style-paris-fashion-week-mens-ss20-pfw-photos-323-682x1024.jpg 682w\" sizes=\"auto, (max-width: 683px) 100vw, 683px\" \/><\/a>\n\t\t\t<\/dt>\n\t\t\t\t<dd class='wp-caption-text gallery-caption' id='gallery-5-5986'>\n\t\t\t\tStreet style at Paris Fashion Week Men&#8217;s spring 2020\n\t\t\t\t<\/dd><\/dl><br style=\"clear: both\" \/>\n\t\t<\/div>\n\n<p>&nbsp;<\/p>\n<div id='gallery-6' class='gallery galleryid-5966 gallery-columns-3 gallery-size-full'><dl class='gallery-item'>\n\t\t\t<dt class='gallery-icon portrait'>\n\t\t\t\t<a href='https:\/\/getts.ro\/highlights\/wp-content\/uploads\/2019\/09\/street-style-paris-fashion-week-mens-ss20-pfw-photos-712.jpg'><img loading=\"lazy\" decoding=\"async\" width=\"683\" height=\"1025\" src=\"https:\/\/getts.ro\/highlights\/wp-content\/uploads\/2019\/09\/street-style-paris-fashion-week-mens-ss20-pfw-photos-712.jpg\" class=\"attachment-full size-full\" alt=\"MEN STREET STYLE REPORT- Fashion Week 2019-2020\" aria-describedby=\"gallery-6-5992\" srcset=\"https:\/\/getts.ro\/highlights\/wp-content\/uploads\/2019\/09\/street-style-paris-fashion-week-mens-ss20-pfw-photos-712.jpg 683w, https:\/\/getts.ro\/highlights\/wp-content\/uploads\/2019\/09\/street-style-paris-fashion-week-mens-ss20-pfw-photos-712-200x300.jpg 200w, https:\/\/getts.ro\/highlights\/wp-content\/uploads\/2019\/09\/street-style-paris-fashion-week-mens-ss20-pfw-photos-712-682x1024.jpg 682w\" sizes=\"auto, (max-width: 683px) 100vw, 683px\" \/><\/a>\n\t\t\t<\/dt>\n\t\t\t\t<dd class='wp-caption-text gallery-caption' id='gallery-6-5992'>\n\t\t\t\tStreet style at Paris Fashion Week Men&#8217;s spring 2020\n\t\t\t\t<\/dd><\/dl><dl class='gallery-item'>\n\t\t\t<dt class='gallery-icon portrait'>\n\t\t\t\t<a href='https:\/\/getts.ro\/highlights\/wp-content\/uploads\/2019\/09\/street-style-paris-fashion-week-mens-ss20-pfw-photos-919.jpg'><img loading=\"lazy\" decoding=\"async\" width=\"683\" height=\"1025\" src=\"https:\/\/getts.ro\/highlights\/wp-content\/uploads\/2019\/09\/street-style-paris-fashion-week-mens-ss20-pfw-photos-919.jpg\" class=\"attachment-full size-full\" alt=\"MEN STREET STYLE REPORT- Fashion Week 2019-2020\" aria-describedby=\"gallery-6-5994\" srcset=\"https:\/\/getts.ro\/highlights\/wp-content\/uploads\/2019\/09\/street-style-paris-fashion-week-mens-ss20-pfw-photos-919.jpg 683w, https:\/\/getts.ro\/highlights\/wp-content\/uploads\/2019\/09\/street-style-paris-fashion-week-mens-ss20-pfw-photos-919-200x300.jpg 200w, https:\/\/getts.ro\/highlights\/wp-content\/uploads\/2019\/09\/street-style-paris-fashion-week-mens-ss20-pfw-photos-919-682x1024.jpg 682w\" sizes=\"auto, (max-width: 683px) 100vw, 683px\" \/><\/a>\n\t\t\t<\/dt>\n\t\t\t\t<dd class='wp-caption-text gallery-caption' id='gallery-6-5994'>\n\t\t\t\tStreet style at Paris Fashion Week Men&#8217;s spring 2020\n\t\t\t\t<\/dd><\/dl><dl class='gallery-item'>\n\t\t\t<dt class='gallery-icon portrait'>\n\t\t\t\t<a href='https:\/\/getts.ro\/highlights\/wp-content\/uploads\/2019\/09\/street-style-paris-fashion-week-mens-ss20-pfw-photos-911.jpg'><img loading=\"lazy\" decoding=\"async\" width=\"683\" height=\"1025\" src=\"https:\/\/getts.ro\/highlights\/wp-content\/uploads\/2019\/09\/street-style-paris-fashion-week-mens-ss20-pfw-photos-911.jpg\" class=\"attachment-full size-full\" alt=\"MEN STREET STYLE REPORT- Fashion Week 2019-2020\" aria-describedby=\"gallery-6-5993\" srcset=\"https:\/\/getts.ro\/highlights\/wp-content\/uploads\/2019\/09\/street-style-paris-fashion-week-mens-ss20-pfw-photos-911.jpg 683w, https:\/\/getts.ro\/highlights\/wp-content\/uploads\/2019\/09\/street-style-paris-fashion-week-mens-ss20-pfw-photos-911-200x300.jpg 200w, https:\/\/getts.ro\/highlights\/wp-content\/uploads\/2019\/09\/street-style-paris-fashion-week-mens-ss20-pfw-photos-911-682x1024.jpg 682w\" sizes=\"auto, (max-width: 683px) 100vw, 683px\" \/><\/a>\n\t\t\t<\/dt>\n\t\t\t\t<dd class='wp-caption-text gallery-caption' id='gallery-6-5993'>\n\t\t\t\tStreet style at Paris Fashion Week Men&#8217;s spring 2020\n\t\t\t\t<\/dd><\/dl><br style=\"clear: both\" \/>\n\t\t<\/div>\n\n<p>&nbsp;<\/p>\n<div id='gallery-7' class='gallery galleryid-5966 gallery-columns-3 gallery-size-full'><dl class='gallery-item'>\n\t\t\t<dt class='gallery-icon portrait'>\n\t\t\t\t<a href='https:\/\/getts.ro\/highlights\/wp-content\/uploads\/2019\/09\/street-style-paris-fashion-week-mens-ss20-pfw-photos-504.jpg'><img loading=\"lazy\" decoding=\"async\" width=\"683\" height=\"1025\" src=\"https:\/\/getts.ro\/highlights\/wp-content\/uploads\/2019\/09\/street-style-paris-fashion-week-mens-ss20-pfw-photos-504.jpg\" class=\"attachment-full size-full\" alt=\"\" aria-describedby=\"gallery-7-5988\" srcset=\"https:\/\/getts.ro\/highlights\/wp-content\/uploads\/2019\/09\/street-style-paris-fashion-week-mens-ss20-pfw-photos-504.jpg 683w, https:\/\/getts.ro\/highlights\/wp-content\/uploads\/2019\/09\/street-style-paris-fashion-week-mens-ss20-pfw-photos-504-200x300.jpg 200w, https:\/\/getts.ro\/highlights\/wp-content\/uploads\/2019\/09\/street-style-paris-fashion-week-mens-ss20-pfw-photos-504-682x1024.jpg 682w\" sizes=\"auto, (max-width: 683px) 100vw, 683px\" \/><\/a>\n\t\t\t<\/dt>\n\t\t\t\t<dd class='wp-caption-text gallery-caption' id='gallery-7-5988'>\n\t\t\t\tStreet style at Paris Fashion Week Men&#8217;s spring 2020\n\t\t\t\t<\/dd><\/dl><dl class='gallery-item'>\n\t\t\t<dt class='gallery-icon portrait'>\n\t\t\t\t<a href='https:\/\/getts.ro\/highlights\/wp-content\/uploads\/2019\/09\/street-style-paris-fashion-week-mens-ss20-pfw-photos-708.jpg'><img loading=\"lazy\" decoding=\"async\" width=\"683\" height=\"1025\" src=\"https:\/\/getts.ro\/highlights\/wp-content\/uploads\/2019\/09\/street-style-paris-fashion-week-mens-ss20-pfw-photos-708.jpg\" class=\"attachment-full size-full\" alt=\"MEN STREET STYLE REPORT- Fashion Week 2019-2020\" aria-describedby=\"gallery-7-5991\" srcset=\"https:\/\/getts.ro\/highlights\/wp-content\/uploads\/2019\/09\/street-style-paris-fashion-week-mens-ss20-pfw-photos-708.jpg 683w, https:\/\/getts.ro\/highlights\/wp-content\/uploads\/2019\/09\/street-style-paris-fashion-week-mens-ss20-pfw-photos-708-200x300.jpg 200w, https:\/\/getts.ro\/highlights\/wp-content\/uploads\/2019\/09\/street-style-paris-fashion-week-mens-ss20-pfw-photos-708-682x1024.jpg 682w\" sizes=\"auto, (max-width: 683px) 100vw, 683px\" \/><\/a>\n\t\t\t<\/dt>\n\t\t\t\t<dd class='wp-caption-text gallery-caption' id='gallery-7-5991'>\n\t\t\t\tStreet style at Paris Fashion Week Men&#8217;s spring 2020\n\t\t\t\t<\/dd><\/dl><dl class='gallery-item'>\n\t\t\t<dt class='gallery-icon portrait'>\n\t\t\t\t<a href='https:\/\/getts.ro\/highlights\/wp-content\/uploads\/2019\/09\/street-style-paris-fashion-week-mens-ss20-pfw-photos-221.jpg'><img loading=\"lazy\" decoding=\"async\" width=\"683\" height=\"1025\" src=\"https:\/\/getts.ro\/highlights\/wp-content\/uploads\/2019\/09\/street-style-paris-fashion-week-mens-ss20-pfw-photos-221.jpg\" class=\"attachment-full size-full\" alt=\"MEN STREET STYLE REPORT- Fashion Week 2019-2020\" aria-describedby=\"gallery-7-5985\" srcset=\"https:\/\/getts.ro\/highlights\/wp-content\/uploads\/2019\/09\/street-style-paris-fashion-week-mens-ss20-pfw-photos-221.jpg 683w, https:\/\/getts.ro\/highlights\/wp-content\/uploads\/2019\/09\/street-style-paris-fashion-week-mens-ss20-pfw-photos-221-200x300.jpg 200w, https:\/\/getts.ro\/highlights\/wp-content\/uploads\/2019\/09\/street-style-paris-fashion-week-mens-ss20-pfw-photos-221-682x1024.jpg 682w\" sizes=\"auto, (max-width: 683px) 100vw, 683px\" \/><\/a>\n\t\t\t<\/dt>\n\t\t\t\t<dd class='wp-caption-text gallery-caption' id='gallery-7-5985'>\n\t\t\t\tStreet style at Paris Fashion Week Men&#8217;s spring 2020\n\t\t\t\t<\/dd><\/dl><br style=\"clear: both\" \/>\n\t\t<\/div>\n\n<hr \/>\n<p>&nbsp;<\/p>\n<p><em>Photos sources: Pinterest<\/em><\/p>\n<!-- AddThis Advanced Settings generic via filter on the_content --><!-- AddThis Share Buttons generic via filter on the_content -->","protected":false},"excerpt":{"rendered":"<p>MEN STREET STYLE REPORT- Fashion Week 2019-2020. Fiecare ora\u0219 mare al modei, de la New York p\u00e2n\u0103 la Paris, a&#8230;<!-- AddThis Advanced Settings generic via filter on get_the_excerpt --><!-- AddThis Share Buttons generic via filter on get_the_excerpt --><\/p>\n","protected":false},"author":1,"featured_media":5996,"comment_status":"closed","ping_status":"closed","sticky":false,"template":"","format":"standard","meta":{"footnotes":""},"categories":[35,16],"tags":[215,45,214],"class_list":["post-5966","post","type-post","status-publish","format-standard","has-post-thumbnail","hentry","category-men-fashion","category-men","tag-fashion-week-2020","tag-getts-men","tag-men-street-style"],"yoast_head":"<!-- This site is optimized with the Yoast SEO plugin v24.3 - https:\/\/yoast.com\/wordpress\/plugins\/seo\/ -->\n<title>MEN STREET STYLE REPORT - Fashion Week 2019-2020 - GETT&#039;S Highlights<\/title>\n<meta name=\"description\" content=\"MEN STREET STYLE REPORT- Fashion Week 2019-2020.\u00cen acest articol, am realizat un fashion report ce \u00eenglobeaz\u0103 cele mai funky apari\u021bii din ora\u0219ele modei.\" \/>\n<meta name=\"robots\" content=\"index, follow, max-snippet:-1, max-image-preview:large, max-video-preview:-1\" \/>\n<link rel=\"canonical\" href=\"https:\/\/www.getts.ro\/highlights\/men-street-style-report-fashion-week-2019-2020\/\" \/>\n<meta property=\"og:locale\" content=\"en_US\" \/>\n<meta property=\"og:type\" content=\"article\" \/>\n<meta property=\"og:title\" content=\"MEN STREET STYLE REPORT - Fashion Week 2019-2020 - GETT&#039;S Highlights\" \/>\n<meta property=\"og:description\" content=\"MEN STREET STYLE REPORT- Fashion Week 2019-2020.\u00cen acest articol, am realizat un fashion report ce \u00eenglobeaz\u0103 cele mai funky apari\u021bii din ora\u0219ele modei.\" \/>\n<meta property=\"og:url\" content=\"https:\/\/www.getts.ro\/highlights\/men-street-style-report-fashion-week-2019-2020\/\" \/>\n<meta property=\"og:site_name\" content=\"GETT&#039;S Highlights\" \/>\n<meta property=\"article:published_time\" content=\"2019-09-27T08:59:19+00:00\" \/>\n<meta property=\"article:modified_time\" content=\"2019-10-18T13:38:42+00:00\" \/>\n<meta property=\"og:image\" content=\"https:\/\/getts.ro\/highlights\/wp-content\/uploads\/2019\/09\/paris-fashion-week-mens-spring-2020-street-style.jpg\" \/>\n\t<meta property=\"og:image:width\" content=\"1200\" \/>\n\t<meta property=\"og:image:height\" content=\"675\" \/>\n\t<meta property=\"og:image:type\" content=\"image\/jpeg\" \/>\n<meta name=\"author\" content=\"admin\" \/>\n<meta name=\"twitter:card\" content=\"summary_large_image\" \/>\n<meta name=\"twitter:label1\" content=\"Written by\" \/>\n\t<meta name=\"twitter:data1\" content=\"admin\" \/>\n\t<meta name=\"twitter:label2\" content=\"Est. reading time\" \/>\n\t<meta name=\"twitter:data2\" content=\"1 minute\" \/>\n<script type=\"application\/ld+json\" class=\"yoast-schema-graph\">{\"@context\":\"https:\/\/schema.org\",\"@graph\":[{\"@type\":\"WebPage\",\"@id\":\"https:\/\/www.getts.ro\/highlights\/men-street-style-report-fashion-week-2019-2020\/\",\"url\":\"https:\/\/www.getts.ro\/highlights\/men-street-style-report-fashion-week-2019-2020\/\",\"name\":\"MEN STREET STYLE REPORT - Fashion Week 2019-2020 - GETT&#039;S Highlights\",\"isPartOf\":{\"@id\":\"https:\/\/www.getts.ro\/highlights\/#website\"},\"primaryImageOfPage\":{\"@id\":\"https:\/\/www.getts.ro\/highlights\/men-street-style-report-fashion-week-2019-2020\/#primaryimage\"},\"image\":{\"@id\":\"https:\/\/www.getts.ro\/highlights\/men-street-style-report-fashion-week-2019-2020\/#primaryimage\"},\"thumbnailUrl\":\"https:\/\/getts.ro\/highlights\/wp-content\/uploads\/2019\/09\/paris-fashion-week-mens-spring-2020-street-style.jpg\",\"datePublished\":\"2019-09-27T08:59:19+00:00\",\"dateModified\":\"2019-10-18T13:38:42+00:00\",\"author\":{\"@id\":\"https:\/\/www.getts.ro\/highlights\/#\/schema\/person\/227b6821cfa1a7eff96f7fe69d73ad5d\"},\"description\":\"MEN STREET STYLE REPORT- Fashion Week 2019-2020.\u00cen acest articol, am realizat un fashion report ce \u00eenglobeaz\u0103 cele mai funky apari\u021bii din ora\u0219ele modei.\",\"breadcrumb\":{\"@id\":\"https:\/\/www.getts.ro\/highlights\/men-street-style-report-fashion-week-2019-2020\/#breadcrumb\"},\"inLanguage\":\"en-US\",\"potentialAction\":[{\"@type\":\"ReadAction\",\"target\":[\"https:\/\/www.getts.ro\/highlights\/men-street-style-report-fashion-week-2019-2020\/\"]}]},{\"@type\":\"ImageObject\",\"inLanguage\":\"en-US\",\"@id\":\"https:\/\/www.getts.ro\/highlights\/men-street-style-report-fashion-week-2019-2020\/#primaryimage\",\"url\":\"https:\/\/getts.ro\/highlights\/wp-content\/uploads\/2019\/09\/paris-fashion-week-mens-spring-2020-street-style.jpg\",\"contentUrl\":\"https:\/\/getts.ro\/highlights\/wp-content\/uploads\/2019\/09\/paris-fashion-week-mens-spring-2020-street-style.jpg\",\"width\":1200,\"height\":675},{\"@type\":\"BreadcrumbList\",\"@id\":\"https:\/\/www.getts.ro\/highlights\/men-street-style-report-fashion-week-2019-2020\/#breadcrumb\",\"itemListElement\":[{\"@type\":\"ListItem\",\"position\":1,\"name\":\"Home\",\"item\":\"https:\/\/www.getts.ro\/highlights\/\"},{\"@type\":\"ListItem\",\"position\":2,\"name\":\"MEN STREET STYLE REPORT &#8211; Fashion Week 2019-2020\"}]},{\"@type\":\"WebSite\",\"@id\":\"https:\/\/www.getts.ro\/highlights\/#website\",\"url\":\"https:\/\/www.getts.ro\/highlights\/\",\"name\":\"GETT&#039;S Highlights\",\"description\":\"\",\"potentialAction\":[{\"@type\":\"SearchAction\",\"target\":{\"@type\":\"EntryPoint\",\"urlTemplate\":\"https:\/\/www.getts.ro\/highlights\/?s={search_term_string}\"},\"query-input\":{\"@type\":\"PropertyValueSpecification\",\"valueRequired\":true,\"valueName\":\"search_term_string\"}}],\"inLanguage\":\"en-US\"},{\"@type\":\"Person\",\"@id\":\"https:\/\/www.getts.ro\/highlights\/#\/schema\/person\/227b6821cfa1a7eff96f7fe69d73ad5d\",\"name\":\"admin\",\"image\":{\"@type\":\"ImageObject\",\"inLanguage\":\"en-US\",\"@id\":\"https:\/\/www.getts.ro\/highlights\/#\/schema\/person\/image\/\",\"url\":\"https:\/\/secure.gravatar.com\/avatar\/e16ffa47ceab26fc5e496b00edde61b0?s=96&d=mm&r=g\",\"contentUrl\":\"https:\/\/secure.gravatar.com\/avatar\/e16ffa47ceab26fc5e496b00edde61b0?s=96&d=mm&r=g\",\"caption\":\"admin\"},\"url\":\"https:\/\/www.getts.ro\/highlights\/author\/admin\/\"}]}<\/script>\n<!-- \/ Yoast SEO plugin. -->","yoast_head_json":{"title":"MEN STREET STYLE REPORT - Fashion Week 2019-2020 - GETT&#039;S Highlights","description":"MEN STREET STYLE REPORT- Fashion Week 2019-2020.\u00cen acest articol, am realizat un fashion report ce \u00eenglobeaz\u0103 cele mai funky apari\u021bii din ora\u0219ele modei.","robots":{"index":"index","follow":"follow","max-snippet":"max-snippet:-1","max-image-preview":"max-image-preview:large","max-video-preview":"max-video-preview:-1"},"canonical":"https:\/\/www.getts.ro\/highlights\/men-street-style-report-fashion-week-2019-2020\/","og_locale":"en_US","og_type":"article","og_title":"MEN STREET STYLE REPORT - Fashion Week 2019-2020 - GETT&#039;S Highlights","og_description":"MEN STREET STYLE REPORT- Fashion Week 2019-2020.\u00cen acest articol, am realizat un fashion report ce \u00eenglobeaz\u0103 cele mai funky apari\u021bii din ora\u0219ele modei.","og_url":"https:\/\/www.getts.ro\/highlights\/men-street-style-report-fashion-week-2019-2020\/","og_site_name":"GETT&#039;S Highlights","article_published_time":"2019-09-27T08:59:19+00:00","article_modified_time":"2019-10-18T13:38:42+00:00","og_image":[{"width":1200,"height":675,"url":"https:\/\/getts.ro\/highlights\/wp-content\/uploads\/2019\/09\/paris-fashion-week-mens-spring-2020-street-style.jpg","type":"image\/jpeg"}],"author":"admin","twitter_card":"summary_large_image","twitter_misc":{"Written by":"admin","Est. reading time":"1 minute"},"schema":{"@context":"https:\/\/schema.org","@graph":[{"@type":"WebPage","@id":"https:\/\/www.getts.ro\/highlights\/men-street-style-report-fashion-week-2019-2020\/","url":"https:\/\/www.getts.ro\/highlights\/men-street-style-report-fashion-week-2019-2020\/","name":"MEN STREET STYLE REPORT - Fashion Week 2019-2020 - GETT&#039;S Highlights","isPartOf":{"@id":"https:\/\/www.getts.ro\/highlights\/#website"},"primaryImageOfPage":{"@id":"https:\/\/www.getts.ro\/highlights\/men-street-style-report-fashion-week-2019-2020\/#primaryimage"},"image":{"@id":"https:\/\/www.getts.ro\/highlights\/men-street-style-report-fashion-week-2019-2020\/#primaryimage"},"thumbnailUrl":"https:\/\/getts.ro\/highlights\/wp-content\/uploads\/2019\/09\/paris-fashion-week-mens-spring-2020-street-style.jpg","datePublished":"2019-09-27T08:59:19+00:00","dateModified":"2019-10-18T13:38:42+00:00","author":{"@id":"https:\/\/www.getts.ro\/highlights\/#\/schema\/person\/227b6821cfa1a7eff96f7fe69d73ad5d"},"description":"MEN STREET STYLE REPORT- Fashion Week 2019-2020.\u00cen acest articol, am realizat un fashion report ce \u00eenglobeaz\u0103 cele mai funky apari\u021bii din ora\u0219ele modei.","breadcrumb":{"@id":"https:\/\/www.getts.ro\/highlights\/men-street-style-report-fashion-week-2019-2020\/#breadcrumb"},"inLanguage":"en-US","potentialAction":[{"@type":"ReadAction","target":["https:\/\/www.getts.ro\/highlights\/men-street-style-report-fashion-week-2019-2020\/"]}]},{"@type":"ImageObject","inLanguage":"en-US","@id":"https:\/\/www.getts.ro\/highlights\/men-street-style-report-fashion-week-2019-2020\/#primaryimage","url":"https:\/\/getts.ro\/highlights\/wp-content\/uploads\/2019\/09\/paris-fashion-week-mens-spring-2020-street-style.jpg","contentUrl":"https:\/\/getts.ro\/highlights\/wp-content\/uploads\/2019\/09\/paris-fashion-week-mens-spring-2020-street-style.jpg","width":1200,"height":675},{"@type":"BreadcrumbList","@id":"https:\/\/www.getts.ro\/highlights\/men-street-style-report-fashion-week-2019-2020\/#breadcrumb","itemListElement":[{"@type":"ListItem","position":1,"name":"Home","item":"https:\/\/www.getts.ro\/highlights\/"},{"@type":"ListItem","position":2,"name":"MEN STREET STYLE REPORT &#8211; Fashion Week 2019-2020"}]},{"@type":"WebSite","@id":"https:\/\/www.getts.ro\/highlights\/#website","url":"https:\/\/www.getts.ro\/highlights\/","name":"GETT&#039;S Highlights","description":"","potentialAction":[{"@type":"SearchAction","target":{"@type":"EntryPoint","urlTemplate":"https:\/\/www.getts.ro\/highlights\/?s={search_term_string}"},"query-input":{"@type":"PropertyValueSpecification","valueRequired":true,"valueName":"search_term_string"}}],"inLanguage":"en-US"},{"@type":"Person","@id":"https:\/\/www.getts.ro\/highlights\/#\/schema\/person\/227b6821cfa1a7eff96f7fe69d73ad5d","name":"admin","image":{"@type":"ImageObject","inLanguage":"en-US","@id":"https:\/\/www.getts.ro\/highlights\/#\/schema\/person\/image\/","url":"https:\/\/secure.gravatar.com\/avatar\/e16ffa47ceab26fc5e496b00edde61b0?s=96&d=mm&r=g","contentUrl":"https:\/\/secure.gravatar.com\/avatar\/e16ffa47ceab26fc5e496b00edde61b0?s=96&d=mm&r=g","caption":"admin"},"url":"https:\/\/www.getts.ro\/highlights\/author\/admin\/"}]}},"_links":{"self":[{"href":"https:\/\/www.getts.ro\/highlights\/wp-json\/wp\/v2\/posts\/5966","targetHints":{"allow":["GET"]}}],"collection":[{"href":"https:\/\/www.getts.ro\/highlights\/wp-json\/wp\/v2\/posts"}],"about":[{"href":"https:\/\/www.getts.ro\/highlights\/wp-json\/wp\/v2\/types\/post"}],"author":[{"embeddable":true,"href":"https:\/\/www.getts.ro\/highlights\/wp-json\/wp\/v2\/users\/1"}],"replies":[{"embeddable":true,"href":"https:\/\/www.getts.ro\/highlights\/wp-json\/wp\/v2\/comments?post=5966"}],"version-history":[{"count":1,"href":"https:\/\/www.getts.ro\/highlights\/wp-json\/wp\/v2\/posts\/5966\/revisions"}],"predecessor-version":[{"id":5995,"href":"https:\/\/www.getts.ro\/highlights\/wp-json\/wp\/v2\/posts\/5966\/revisions\/5995"}],"wp:featuredmedia":[{"embeddable":true,"href":"https:\/\/www.getts.ro\/highlights\/wp-json\/wp\/v2\/media\/5996"}],"wp:attachment":[{"href":"https:\/\/www.getts.ro\/highlights\/wp-json\/wp\/v2\/media?parent=5966"}],"wp:term":[{"taxonomy":"category","embeddable":true,"href":"https:\/\/www.getts.ro\/highlights\/wp-json\/wp\/v2\/categories?post=5966"},{"taxonomy":"post_tag","embeddable":true,"href":"https:\/\/www.getts.ro\/highlights\/wp-json\/wp\/v2\/tags?post=5966"}],"curies":[{"name":"wp","href":"https:\/\/api.w.org\/{rel}","templated":true}]}}