{"id":10352,"date":"2022-03-18T13:45:14","date_gmt":"2022-03-18T10:45:14","guid":{"rendered":"https:\/\/www.getts.ro\/highlights\/?p=10352"},"modified":"2022-03-18T13:45:58","modified_gmt":"2022-03-18T10:45:58","slug":"farmec-doneaza-60-000-de-produse-de-igiena-personala-prin-campania-farmec-din-inima-pentru-cei-de-alaturi","status":"publish","type":"post","link":"https:\/\/www.getts.ro\/highlights\/farmec-doneaza-60-000-de-produse-de-igiena-personala-prin-campania-farmec-din-inima-pentru-cei-de-alaturi\/","title":{"rendered":"Farmec doneaza 60.000 de produse de igiena personala prin campania  \u201eFarmec din inima pentru cei de alaturi\u201d"},"content":{"rendered":"<p><strong>Farmec, una dintre cele mai mari companii rom\u00e2ne\u0219ti, lanseaz\u0103 platforma de CSR \u201eFarmec din inim\u0103 pentru cei de al\u0103turi\u201d, prin care va implementa pe termen lung ac\u021biuni de sus\u021binere a refugia\u021bilor ucraineni din Rom\u00e2nia. Programul va angrena at\u00e2t asocia\u021bii non-profit partenere, c\u00e2t \u0219i consumatorii.<\/strong><\/p>\n<p>Compania Farmec doneaz\u0103 60.000 de produse de igien\u0103, precum geluri de du\u0219, \u0219ampoane, s\u0103punuri, past\u0103 de din\u021bi, creme pentru copii, deodorante \u0219i dezinfectan\u021bi c\u0103tre centrele de refugia\u021bi ucraineni de pe teritoriul Rom\u00e2niei, dar \u0219i c\u0103tre organiza\u021biile cu misiune umanitar\u0103 \u00een Ucraina. Primele produse au fost deja distribuite, cu ajutorul asocia\u021biilor Funda\u021bia FARA, SOS Satele<br \/>\nCopiilor, Yuppi Camp, Asocia\u021bia Umanitar\u0103 Concordia \u0219i Funda\u021bia Serafim. \u00cen plus, 5% din veniturile \u00eenregistrate \u00een perioada 15 martie \u2013 15 aprilie pe canalele proprii, respectiv \u00een magazinele Farmec \u0219i Gerovital \u0219i prin platforma de e-commerce, vor fi donate c\u0103tre cauza cet\u0103\u021benilor ucraineni, printr-un parteneriat cu Crucea Ro\u0219ie Rom\u00e2n\u0103.<\/p>\n<p>Farmec lanseaz\u0103 un apel la solidaritate \u0219i c\u0103tre consumatorii magazinelor proprii \u0219i \u00eencurajeaz\u0103 donarea de s\u00e2nge, o nevoie stringent\u0103 \u0219i permanent\u0103 at\u00e2t \u00een \u021bara noastr\u0103, c\u00e2t \u0219i \u00een Ucraina. Astfel, compania r\u0103spl\u0103te\u0219te fiecare dona\u021bie de s\u00e2nge, indiferent de destina\u021bie, cu un voucher \u00een valoare de 30 lei \u00een toate cele 30 de magazine de brand din \u021bar\u0103, oferit \u00een baza dovezii de donare, \u00een lunile martie \u0219i aprilie.<\/p>\n<hr \/>\n<p><em>Text: preluat din comunicat de pres\u0103 Farmec<\/em><\/p>\n<!-- AddThis Advanced Settings generic via filter on the_content --><!-- AddThis Share Buttons generic via filter on the_content -->","protected":false},"excerpt":{"rendered":"<p>Farmec, una dintre cele mai mari companii rom\u00e2ne\u0219ti, lanseaz\u0103 platforma de CSR \u201eFarmec din inim\u0103 pentru cei de al\u0103turi\u201d, prin&#8230;<!-- AddThis Advanced Settings generic via filter on get_the_excerpt --><!-- AddThis Share Buttons generic via filter on get_the_excerpt --><\/p>\n","protected":false},"author":1,"featured_media":10353,"comment_status":"closed","ping_status":"closed","sticky":false,"template":"","format":"standard","meta":{"footnotes":""},"categories":[15,17],"tags":[883,491,48,44,882],"class_list":["post-10352","post","type-post","status-publish","format-standard","has-post-thumbnail","hentry","category-local","category-news","tag-donatii","tag-farmec","tag-getts","tag-getts-highlights-magazine","tag-ucraina"],"yoast_head":"<!-- This site is optimized with the Yoast SEO plugin v24.3 - https:\/\/yoast.com\/wordpress\/plugins\/seo\/ -->\n<title>Farmec doneaza 60.000 de produse de igiena personala prin campania \u201eFarmec din inima pentru cei de alaturi\u201d - GETT&#039;S Highlights<\/title>\n<meta name=\"description\" content=\"Farmec, una dintre cele mai mari companii rom\u00e2ne\u0219ti, lanseaz\u0103 platforma de CSR \u201eFarmec din inim\u0103 pentru cei de al\u0103turi\u201d, prin care va implementa pe termen lung ac\u021biuni de sus\u021binere a refugia\u021bilor ucraineni din Rom\u00e2nia.\" \/>\n<meta name=\"robots\" content=\"index, follow, max-snippet:-1, max-image-preview:large, max-video-preview:-1\" \/>\n<link rel=\"canonical\" href=\"https:\/\/www.getts.ro\/highlights\/farmec-doneaza-60-000-de-produse-de-igiena-personala-prin-campania-farmec-din-inima-pentru-cei-de-alaturi\/\" \/>\n<meta property=\"og:locale\" content=\"en_US\" \/>\n<meta property=\"og:type\" content=\"article\" \/>\n<meta property=\"og:title\" content=\"Farmec doneaza 60.000 de produse de igiena personala prin campania \u201eFarmec din inima pentru cei de alaturi\u201d - GETT&#039;S Highlights\" \/>\n<meta property=\"og:description\" content=\"Farmec, una dintre cele mai mari companii rom\u00e2ne\u0219ti, lanseaz\u0103 platforma de CSR \u201eFarmec din inim\u0103 pentru cei de al\u0103turi\u201d, prin care va implementa pe termen lung ac\u021biuni de sus\u021binere a refugia\u021bilor ucraineni din Rom\u00e2nia.\" \/>\n<meta property=\"og:url\" content=\"https:\/\/www.getts.ro\/highlights\/farmec-doneaza-60-000-de-produse-de-igiena-personala-prin-campania-farmec-din-inima-pentru-cei-de-alaturi\/\" \/>\n<meta property=\"og:site_name\" content=\"GETT&#039;S Highlights\" \/>\n<meta property=\"article:published_time\" content=\"2022-03-18T10:45:14+00:00\" \/>\n<meta property=\"article:modified_time\" content=\"2022-03-18T10:45:58+00:00\" \/>\n<meta property=\"og:image\" content=\"https:\/\/getts.ro\/highlights\/wp-content\/uploads\/2022\/03\/Farmec-din-inima-pentru-cei-de-alaturi-1.jpg\" \/>\n\t<meta property=\"og:image:width\" content=\"1200\" \/>\n\t<meta property=\"og:image:height\" content=\"675\" \/>\n\t<meta property=\"og:image:type\" content=\"image\/jpeg\" \/>\n<meta name=\"author\" content=\"admin\" \/>\n<meta name=\"twitter:card\" content=\"summary_large_image\" \/>\n<meta name=\"twitter:label1\" content=\"Written by\" \/>\n\t<meta name=\"twitter:data1\" content=\"admin\" \/>\n\t<meta name=\"twitter:label2\" content=\"Est. reading time\" \/>\n\t<meta name=\"twitter:data2\" content=\"1 minute\" \/>\n<script type=\"application\/ld+json\" class=\"yoast-schema-graph\">{\"@context\":\"https:\/\/schema.org\",\"@graph\":[{\"@type\":\"WebPage\",\"@id\":\"https:\/\/www.getts.ro\/highlights\/farmec-doneaza-60-000-de-produse-de-igiena-personala-prin-campania-farmec-din-inima-pentru-cei-de-alaturi\/\",\"url\":\"https:\/\/www.getts.ro\/highlights\/farmec-doneaza-60-000-de-produse-de-igiena-personala-prin-campania-farmec-din-inima-pentru-cei-de-alaturi\/\",\"name\":\"Farmec doneaza 60.000 de produse de igiena personala prin campania \u201eFarmec din inima pentru cei de alaturi\u201d - GETT&#039;S Highlights\",\"isPartOf\":{\"@id\":\"https:\/\/www.getts.ro\/highlights\/#website\"},\"primaryImageOfPage\":{\"@id\":\"https:\/\/www.getts.ro\/highlights\/farmec-doneaza-60-000-de-produse-de-igiena-personala-prin-campania-farmec-din-inima-pentru-cei-de-alaturi\/#primaryimage\"},\"image\":{\"@id\":\"https:\/\/www.getts.ro\/highlights\/farmec-doneaza-60-000-de-produse-de-igiena-personala-prin-campania-farmec-din-inima-pentru-cei-de-alaturi\/#primaryimage\"},\"thumbnailUrl\":\"https:\/\/getts.ro\/highlights\/wp-content\/uploads\/2022\/03\/Farmec-din-inima-pentru-cei-de-alaturi-1.jpg\",\"datePublished\":\"2022-03-18T10:45:14+00:00\",\"dateModified\":\"2022-03-18T10:45:58+00:00\",\"author\":{\"@id\":\"https:\/\/www.getts.ro\/highlights\/#\/schema\/person\/227b6821cfa1a7eff96f7fe69d73ad5d\"},\"description\":\"Farmec, una dintre cele mai mari companii rom\u00e2ne\u0219ti, lanseaz\u0103 platforma de CSR \u201eFarmec din inim\u0103 pentru cei de al\u0103turi\u201d, prin care va implementa pe termen lung ac\u021biuni de sus\u021binere a refugia\u021bilor ucraineni din Rom\u00e2nia.\",\"breadcrumb\":{\"@id\":\"https:\/\/www.getts.ro\/highlights\/farmec-doneaza-60-000-de-produse-de-igiena-personala-prin-campania-farmec-din-inima-pentru-cei-de-alaturi\/#breadcrumb\"},\"inLanguage\":\"en-US\",\"potentialAction\":[{\"@type\":\"ReadAction\",\"target\":[\"https:\/\/www.getts.ro\/highlights\/farmec-doneaza-60-000-de-produse-de-igiena-personala-prin-campania-farmec-din-inima-pentru-cei-de-alaturi\/\"]}]},{\"@type\":\"ImageObject\",\"inLanguage\":\"en-US\",\"@id\":\"https:\/\/www.getts.ro\/highlights\/farmec-doneaza-60-000-de-produse-de-igiena-personala-prin-campania-farmec-din-inima-pentru-cei-de-alaturi\/#primaryimage\",\"url\":\"https:\/\/getts.ro\/highlights\/wp-content\/uploads\/2022\/03\/Farmec-din-inima-pentru-cei-de-alaturi-1.jpg\",\"contentUrl\":\"https:\/\/getts.ro\/highlights\/wp-content\/uploads\/2022\/03\/Farmec-din-inima-pentru-cei-de-alaturi-1.jpg\",\"width\":1200,\"height\":675},{\"@type\":\"BreadcrumbList\",\"@id\":\"https:\/\/www.getts.ro\/highlights\/farmec-doneaza-60-000-de-produse-de-igiena-personala-prin-campania-farmec-din-inima-pentru-cei-de-alaturi\/#breadcrumb\",\"itemListElement\":[{\"@type\":\"ListItem\",\"position\":1,\"name\":\"Home\",\"item\":\"https:\/\/www.getts.ro\/highlights\/\"},{\"@type\":\"ListItem\",\"position\":2,\"name\":\"Farmec doneaza 60.000 de produse de igiena personala prin campania \u201eFarmec din inima pentru cei de alaturi\u201d\"}]},{\"@type\":\"WebSite\",\"@id\":\"https:\/\/www.getts.ro\/highlights\/#website\",\"url\":\"https:\/\/www.getts.ro\/highlights\/\",\"name\":\"GETT&#039;S Highlights\",\"description\":\"\",\"potentialAction\":[{\"@type\":\"SearchAction\",\"target\":{\"@type\":\"EntryPoint\",\"urlTemplate\":\"https:\/\/www.getts.ro\/highlights\/?s={search_term_string}\"},\"query-input\":{\"@type\":\"PropertyValueSpecification\",\"valueRequired\":true,\"valueName\":\"search_term_string\"}}],\"inLanguage\":\"en-US\"},{\"@type\":\"Person\",\"@id\":\"https:\/\/www.getts.ro\/highlights\/#\/schema\/person\/227b6821cfa1a7eff96f7fe69d73ad5d\",\"name\":\"admin\",\"image\":{\"@type\":\"ImageObject\",\"inLanguage\":\"en-US\",\"@id\":\"https:\/\/www.getts.ro\/highlights\/#\/schema\/person\/image\/\",\"url\":\"https:\/\/secure.gravatar.com\/avatar\/e16ffa47ceab26fc5e496b00edde61b0?s=96&d=mm&r=g\",\"contentUrl\":\"https:\/\/secure.gravatar.com\/avatar\/e16ffa47ceab26fc5e496b00edde61b0?s=96&d=mm&r=g\",\"caption\":\"admin\"},\"url\":\"https:\/\/www.getts.ro\/highlights\/author\/admin\/\"}]}<\/script>\n<!-- \/ Yoast SEO plugin. -->","yoast_head_json":{"title":"Farmec doneaza 60.000 de produse de igiena personala prin campania \u201eFarmec din inima pentru cei de alaturi\u201d - GETT&#039;S Highlights","description":"Farmec, una dintre cele mai mari companii rom\u00e2ne\u0219ti, lanseaz\u0103 platforma de CSR \u201eFarmec din inim\u0103 pentru cei de al\u0103turi\u201d, prin care va implementa pe termen lung ac\u021biuni de sus\u021binere a refugia\u021bilor ucraineni din Rom\u00e2nia.","robots":{"index":"index","follow":"follow","max-snippet":"max-snippet:-1","max-image-preview":"max-image-preview:large","max-video-preview":"max-video-preview:-1"},"canonical":"https:\/\/www.getts.ro\/highlights\/farmec-doneaza-60-000-de-produse-de-igiena-personala-prin-campania-farmec-din-inima-pentru-cei-de-alaturi\/","og_locale":"en_US","og_type":"article","og_title":"Farmec doneaza 60.000 de produse de igiena personala prin campania \u201eFarmec din inima pentru cei de alaturi\u201d - GETT&#039;S Highlights","og_description":"Farmec, una dintre cele mai mari companii rom\u00e2ne\u0219ti, lanseaz\u0103 platforma de CSR \u201eFarmec din inim\u0103 pentru cei de al\u0103turi\u201d, prin care va implementa pe termen lung ac\u021biuni de sus\u021binere a refugia\u021bilor ucraineni din Rom\u00e2nia.","og_url":"https:\/\/www.getts.ro\/highlights\/farmec-doneaza-60-000-de-produse-de-igiena-personala-prin-campania-farmec-din-inima-pentru-cei-de-alaturi\/","og_site_name":"GETT&#039;S Highlights","article_published_time":"2022-03-18T10:45:14+00:00","article_modified_time":"2022-03-18T10:45:58+00:00","og_image":[{"width":1200,"height":675,"url":"https:\/\/getts.ro\/highlights\/wp-content\/uploads\/2022\/03\/Farmec-din-inima-pentru-cei-de-alaturi-1.jpg","type":"image\/jpeg"}],"author":"admin","twitter_card":"summary_large_image","twitter_misc":{"Written by":"admin","Est. reading time":"1 minute"},"schema":{"@context":"https:\/\/schema.org","@graph":[{"@type":"WebPage","@id":"https:\/\/www.getts.ro\/highlights\/farmec-doneaza-60-000-de-produse-de-igiena-personala-prin-campania-farmec-din-inima-pentru-cei-de-alaturi\/","url":"https:\/\/www.getts.ro\/highlights\/farmec-doneaza-60-000-de-produse-de-igiena-personala-prin-campania-farmec-din-inima-pentru-cei-de-alaturi\/","name":"Farmec doneaza 60.000 de produse de igiena personala prin campania \u201eFarmec din inima pentru cei de alaturi\u201d - GETT&#039;S Highlights","isPartOf":{"@id":"https:\/\/www.getts.ro\/highlights\/#website"},"primaryImageOfPage":{"@id":"https:\/\/www.getts.ro\/highlights\/farmec-doneaza-60-000-de-produse-de-igiena-personala-prin-campania-farmec-din-inima-pentru-cei-de-alaturi\/#primaryimage"},"image":{"@id":"https:\/\/www.getts.ro\/highlights\/farmec-doneaza-60-000-de-produse-de-igiena-personala-prin-campania-farmec-din-inima-pentru-cei-de-alaturi\/#primaryimage"},"thumbnailUrl":"https:\/\/getts.ro\/highlights\/wp-content\/uploads\/2022\/03\/Farmec-din-inima-pentru-cei-de-alaturi-1.jpg","datePublished":"2022-03-18T10:45:14+00:00","dateModified":"2022-03-18T10:45:58+00:00","author":{"@id":"https:\/\/www.getts.ro\/highlights\/#\/schema\/person\/227b6821cfa1a7eff96f7fe69d73ad5d"},"description":"Farmec, una dintre cele mai mari companii rom\u00e2ne\u0219ti, lanseaz\u0103 platforma de CSR \u201eFarmec din inim\u0103 pentru cei de al\u0103turi\u201d, prin care va implementa pe termen lung ac\u021biuni de sus\u021binere a refugia\u021bilor ucraineni din Rom\u00e2nia.","breadcrumb":{"@id":"https:\/\/www.getts.ro\/highlights\/farmec-doneaza-60-000-de-produse-de-igiena-personala-prin-campania-farmec-din-inima-pentru-cei-de-alaturi\/#breadcrumb"},"inLanguage":"en-US","potentialAction":[{"@type":"ReadAction","target":["https:\/\/www.getts.ro\/highlights\/farmec-doneaza-60-000-de-produse-de-igiena-personala-prin-campania-farmec-din-inima-pentru-cei-de-alaturi\/"]}]},{"@type":"ImageObject","inLanguage":"en-US","@id":"https:\/\/www.getts.ro\/highlights\/farmec-doneaza-60-000-de-produse-de-igiena-personala-prin-campania-farmec-din-inima-pentru-cei-de-alaturi\/#primaryimage","url":"https:\/\/getts.ro\/highlights\/wp-content\/uploads\/2022\/03\/Farmec-din-inima-pentru-cei-de-alaturi-1.jpg","contentUrl":"https:\/\/getts.ro\/highlights\/wp-content\/uploads\/2022\/03\/Farmec-din-inima-pentru-cei-de-alaturi-1.jpg","width":1200,"height":675},{"@type":"BreadcrumbList","@id":"https:\/\/www.getts.ro\/highlights\/farmec-doneaza-60-000-de-produse-de-igiena-personala-prin-campania-farmec-din-inima-pentru-cei-de-alaturi\/#breadcrumb","itemListElement":[{"@type":"ListItem","position":1,"name":"Home","item":"https:\/\/www.getts.ro\/highlights\/"},{"@type":"ListItem","position":2,"name":"Farmec doneaza 60.000 de produse de igiena personala prin campania \u201eFarmec din inima pentru cei de alaturi\u201d"}]},{"@type":"WebSite","@id":"https:\/\/www.getts.ro\/highlights\/#website","url":"https:\/\/www.getts.ro\/highlights\/","name":"GETT&#039;S Highlights","description":"","potentialAction":[{"@type":"SearchAction","target":{"@type":"EntryPoint","urlTemplate":"https:\/\/www.getts.ro\/highlights\/?s={search_term_string}"},"query-input":{"@type":"PropertyValueSpecification","valueRequired":true,"valueName":"search_term_string"}}],"inLanguage":"en-US"},{"@type":"Person","@id":"https:\/\/www.getts.ro\/highlights\/#\/schema\/person\/227b6821cfa1a7eff96f7fe69d73ad5d","name":"admin","image":{"@type":"ImageObject","inLanguage":"en-US","@id":"https:\/\/www.getts.ro\/highlights\/#\/schema\/person\/image\/","url":"https:\/\/secure.gravatar.com\/avatar\/e16ffa47ceab26fc5e496b00edde61b0?s=96&d=mm&r=g","contentUrl":"https:\/\/secure.gravatar.com\/avatar\/e16ffa47ceab26fc5e496b00edde61b0?s=96&d=mm&r=g","caption":"admin"},"url":"https:\/\/www.getts.ro\/highlights\/author\/admin\/"}]}},"_links":{"self":[{"href":"https:\/\/www.getts.ro\/highlights\/wp-json\/wp\/v2\/posts\/10352","targetHints":{"allow":["GET"]}}],"collection":[{"href":"https:\/\/www.getts.ro\/highlights\/wp-json\/wp\/v2\/posts"}],"about":[{"href":"https:\/\/www.getts.ro\/highlights\/wp-json\/wp\/v2\/types\/post"}],"author":[{"embeddable":true,"href":"https:\/\/www.getts.ro\/highlights\/wp-json\/wp\/v2\/users\/1"}],"replies":[{"embeddable":true,"href":"https:\/\/www.getts.ro\/highlights\/wp-json\/wp\/v2\/comments?post=10352"}],"version-history":[{"count":2,"href":"https:\/\/www.getts.ro\/highlights\/wp-json\/wp\/v2\/posts\/10352\/revisions"}],"predecessor-version":[{"id":10355,"href":"https:\/\/www.getts.ro\/highlights\/wp-json\/wp\/v2\/posts\/10352\/revisions\/10355"}],"wp:featuredmedia":[{"embeddable":true,"href":"https:\/\/www.getts.ro\/highlights\/wp-json\/wp\/v2\/media\/10353"}],"wp:attachment":[{"href":"https:\/\/www.getts.ro\/highlights\/wp-json\/wp\/v2\/media?parent=10352"}],"wp:term":[{"taxonomy":"category","embeddable":true,"href":"https:\/\/www.getts.ro\/highlights\/wp-json\/wp\/v2\/categories?post=10352"},{"taxonomy":"post_tag","embeddable":true,"href":"https:\/\/www.getts.ro\/highlights\/wp-json\/wp\/v2\/tags?post=10352"}],"curies":[{"name":"wp","href":"https:\/\/api.w.org\/{rel}","templated":true}]}}