{"id":10159,"date":"2021-09-17T14:26:20","date_gmt":"2021-09-17T11:26:20","guid":{"rendered":"https:\/\/www.getts.ro\/highlights\/?p=10159"},"modified":"2021-09-17T14:26:20","modified_gmt":"2021-09-17T11:26:20","slug":"makeup-inspiration-aparitiile-de-la-met-gala","status":"publish","type":"post","link":"https:\/\/www.getts.ro\/highlights\/makeup-inspiration-aparitiile-de-la-met-gala\/","title":{"rendered":"Makeup inspiration: Aparitiile de la Met Gala"},"content":{"rendered":"<p>Mult a\u0219teptata gal\u0103 a modei, Met Gala, a fost \u00een centrul aten\u021biei \u00eentreaga s\u0103pt\u0103m\u00e2n\u0103. Apari\u021biile invita\u021bilor de renume vor r\u0103m\u00e2ne impregnate \u00een amintirea tuturor. Tematica de anul acesta, &#8220;America &#8211; a Lexicon of Fashion&#8221;\u00a0 s-a axat \u00een jurul libert\u0103\u021bii de exprimare, spiritului american precum \u0219i al glamour-ului de alt\u0103 dat\u0103.<\/p>\n<p>Ce \u00eenseamn\u0103 frumuse\u021bea american\u0103 \u00een 2021? Cele mai apreciate personalit\u0103\u021bi ale momentului au oferit un spectacol pe cinste prin interpret\u0103rile abordate, multe dintre ele rezon\u00e2nd cu epoca de aur a Hollywood-ului dar \u0219i cu referin\u021bele politice.<\/p>\n<p>De\u0219i marile actri\u021be iconice ale epocii de aur r\u0103m\u00e2n \u00een prezent \u00een amintirea noastr\u0103, stilul consacrat al personalit\u0103\u021bilor precum Marilyn Monroe, Audrey Hepburn, Grace Kelly a fost prezent pe covorul elitist. Billie Eilish, Kendall Jenner, Eiza Gonzalez, Kaia Gerber \u0219i multe alte au readus spiritul din Golden Era \u00een apari\u021biile acestora pline de glamour.<\/p>\n<p>\u00cen ceea ce prive\u0219te make-up-ul, stili\u0219tii au jonglat cu diferite stiluri, de la un make-up natural la nuan\u021be metalice \u0219i ie\u0219ite din comun, ro\u0219ul fiind nuan\u021ba cea mai des \u00eent\u00e2lnit\u0103 \u00een detaliile aplicate. Nu-i de mirare c\u0103 aceast\u0103 culoare este reprezentativ\u0103 pentru poporul american, suger\u00e2nd pasiune, putere \u0219i curaj.<\/p>\n<h3>Descopera mai jos look-urile care ne-au cucerit:<\/h3>\n<div id='gallery-1' class='gallery galleryid-10159 gallery-columns-3 gallery-size-full'><dl class='gallery-item'>\n\t\t\t<dt class='gallery-icon portrait'>\n\t\t\t\t<a href='https:\/\/getts.ro\/highlights\/wp-content\/uploads\/2021\/09\/met-gala-2021-makeup-ecomm-rihanna.jpg'><img loading=\"lazy\" decoding=\"async\" width=\"1600\" height=\"1999\" src=\"https:\/\/getts.ro\/highlights\/wp-content\/uploads\/2021\/09\/met-gala-2021-makeup-ecomm-rihanna.jpg\" class=\"attachment-full size-full\" alt=\"Makeup inspiration: Aparitiile de la Met Gala\" aria-describedby=\"gallery-1-10174\" srcset=\"https:\/\/getts.ro\/highlights\/wp-content\/uploads\/2021\/09\/met-gala-2021-makeup-ecomm-rihanna.jpg 1600w, https:\/\/getts.ro\/highlights\/wp-content\/uploads\/2021\/09\/met-gala-2021-makeup-ecomm-rihanna-240x300.jpg 240w, https:\/\/getts.ro\/highlights\/wp-content\/uploads\/2021\/09\/met-gala-2021-makeup-ecomm-rihanna-820x1024.jpg 820w, https:\/\/getts.ro\/highlights\/wp-content\/uploads\/2021\/09\/met-gala-2021-makeup-ecomm-rihanna-768x960.jpg 768w, https:\/\/getts.ro\/highlights\/wp-content\/uploads\/2021\/09\/met-gala-2021-makeup-ecomm-rihanna-1229x1536.jpg 1229w\" sizes=\"auto, (max-width: 1600px) 100vw, 1600px\" \/><\/a>\n\t\t\t<\/dt>\n\t\t\t\t<dd class='wp-caption-text gallery-caption' id='gallery-1-10174'>\n\t\t\t\tRihanna\n\t\t\t\t<\/dd><\/dl><dl class='gallery-item'>\n\t\t\t<dt class='gallery-icon portrait'>\n\t\t\t\t<a href='https:\/\/getts.ro\/highlights\/wp-content\/uploads\/2021\/09\/met-gala-2021-makeup-ecomm-harris-reed.jpg'><img loading=\"lazy\" decoding=\"async\" width=\"1238\" height=\"1548\" src=\"https:\/\/getts.ro\/highlights\/wp-content\/uploads\/2021\/09\/met-gala-2021-makeup-ecomm-harris-reed.jpg\" class=\"attachment-full size-full\" alt=\"Makeup inspiration: Aparitiile de la Met Gala\" aria-describedby=\"gallery-1-10173\" srcset=\"https:\/\/getts.ro\/highlights\/wp-content\/uploads\/2021\/09\/met-gala-2021-makeup-ecomm-harris-reed.jpg 1238w, https:\/\/getts.ro\/highlights\/wp-content\/uploads\/2021\/09\/met-gala-2021-makeup-ecomm-harris-reed-240x300.jpg 240w, https:\/\/getts.ro\/highlights\/wp-content\/uploads\/2021\/09\/met-gala-2021-makeup-ecomm-harris-reed-819x1024.jpg 819w, https:\/\/getts.ro\/highlights\/wp-content\/uploads\/2021\/09\/met-gala-2021-makeup-ecomm-harris-reed-768x960.jpg 768w, https:\/\/getts.ro\/highlights\/wp-content\/uploads\/2021\/09\/met-gala-2021-makeup-ecomm-harris-reed-1228x1536.jpg 1228w\" sizes=\"auto, (max-width: 1238px) 100vw, 1238px\" \/><\/a>\n\t\t\t<\/dt>\n\t\t\t\t<dd class='wp-caption-text gallery-caption' id='gallery-1-10173'>\n\t\t\t\tHarris Reed\n\t\t\t\t<\/dd><\/dl><dl class='gallery-item'>\n\t\t\t<dt class='gallery-icon portrait'>\n\t\t\t\t<a href='https:\/\/getts.ro\/highlights\/wp-content\/uploads\/2021\/09\/met-gala-2021-makeup-ecomm-billie-eilish.jpg'><img loading=\"lazy\" decoding=\"async\" width=\"1600\" height=\"2000\" src=\"https:\/\/getts.ro\/highlights\/wp-content\/uploads\/2021\/09\/met-gala-2021-makeup-ecomm-billie-eilish.jpg\" class=\"attachment-full size-full\" alt=\"Makeup inspiration: Aparitiile de la Met Gala\" aria-describedby=\"gallery-1-10172\" srcset=\"https:\/\/getts.ro\/highlights\/wp-content\/uploads\/2021\/09\/met-gala-2021-makeup-ecomm-billie-eilish.jpg 1600w, https:\/\/getts.ro\/highlights\/wp-content\/uploads\/2021\/09\/met-gala-2021-makeup-ecomm-billie-eilish-240x300.jpg 240w, https:\/\/getts.ro\/highlights\/wp-content\/uploads\/2021\/09\/met-gala-2021-makeup-ecomm-billie-eilish-819x1024.jpg 819w, https:\/\/getts.ro\/highlights\/wp-content\/uploads\/2021\/09\/met-gala-2021-makeup-ecomm-billie-eilish-768x960.jpg 768w, https:\/\/getts.ro\/highlights\/wp-content\/uploads\/2021\/09\/met-gala-2021-makeup-ecomm-billie-eilish-1229x1536.jpg 1229w\" sizes=\"auto, (max-width: 1600px) 100vw, 1600px\" \/><\/a>\n\t\t\t<\/dt>\n\t\t\t\t<dd class='wp-caption-text gallery-caption' id='gallery-1-10172'>\n\t\t\t\tBillie Eilish\n\t\t\t\t<\/dd><\/dl><br style=\"clear: both\" \/>\n\t\t<\/div>\n\n<div id='gallery-2' class='gallery galleryid-10159 gallery-columns-3 gallery-size-full'><dl class='gallery-item'>\n\t\t\t<dt class='gallery-icon portrait'>\n\t\t\t\t<a href='https:\/\/getts.ro\/highlights\/wp-content\/uploads\/2021\/09\/MET-GALA-2021-Eiza-Gonz25C325A1lez-vestido-de-Versace-scaled.jpg'><img loading=\"lazy\" decoding=\"async\" width=\"1707\" height=\"2560\" src=\"https:\/\/getts.ro\/highlights\/wp-content\/uploads\/2021\/09\/MET-GALA-2021-Eiza-Gonz25C325A1lez-vestido-de-Versace-scaled.jpg\" class=\"attachment-full size-full\" alt=\"Makeup inspiration: Aparitiile de la Met Gala\" aria-describedby=\"gallery-2-10166\" srcset=\"https:\/\/getts.ro\/highlights\/wp-content\/uploads\/2021\/09\/MET-GALA-2021-Eiza-Gonz25C325A1lez-vestido-de-Versace-scaled.jpg 1707w, https:\/\/getts.ro\/highlights\/wp-content\/uploads\/2021\/09\/MET-GALA-2021-Eiza-Gonz25C325A1lez-vestido-de-Versace-200x300.jpg 200w, https:\/\/getts.ro\/highlights\/wp-content\/uploads\/2021\/09\/MET-GALA-2021-Eiza-Gonz25C325A1lez-vestido-de-Versace-683x1024.jpg 683w, https:\/\/getts.ro\/highlights\/wp-content\/uploads\/2021\/09\/MET-GALA-2021-Eiza-Gonz25C325A1lez-vestido-de-Versace-768x1152.jpg 768w, https:\/\/getts.ro\/highlights\/wp-content\/uploads\/2021\/09\/MET-GALA-2021-Eiza-Gonz25C325A1lez-vestido-de-Versace-1024x1536.jpg 1024w, https:\/\/getts.ro\/highlights\/wp-content\/uploads\/2021\/09\/MET-GALA-2021-Eiza-Gonz25C325A1lez-vestido-de-Versace-1365x2048.jpg 1365w\" sizes=\"auto, (max-width: 1707px) 100vw, 1707px\" \/><\/a>\n\t\t\t<\/dt>\n\t\t\t\t<dd class='wp-caption-text gallery-caption' id='gallery-2-10166'>\n\t\t\t\tEiza Gonzalez\n\t\t\t\t<\/dd><\/dl><dl class='gallery-item'>\n\t\t\t<dt class='gallery-icon landscape'>\n\t\t\t\t<a href='https:\/\/getts.ro\/highlights\/wp-content\/uploads\/2021\/09\/gigi-hadid-met-gala-red-hair-.jpg'><img loading=\"lazy\" decoding=\"async\" width=\"2180\" height=\"1453\" src=\"https:\/\/getts.ro\/highlights\/wp-content\/uploads\/2021\/09\/gigi-hadid-met-gala-red-hair-.jpg\" class=\"attachment-full size-full\" alt=\"Makeup inspiration: Aparitiile de la Met Gala\" aria-describedby=\"gallery-2-10165\" srcset=\"https:\/\/getts.ro\/highlights\/wp-content\/uploads\/2021\/09\/gigi-hadid-met-gala-red-hair-.jpg 2180w, https:\/\/getts.ro\/highlights\/wp-content\/uploads\/2021\/09\/gigi-hadid-met-gala-red-hair--300x200.jpg 300w, https:\/\/getts.ro\/highlights\/wp-content\/uploads\/2021\/09\/gigi-hadid-met-gala-red-hair--1024x683.jpg 1024w, https:\/\/getts.ro\/highlights\/wp-content\/uploads\/2021\/09\/gigi-hadid-met-gala-red-hair--768x512.jpg 768w, https:\/\/getts.ro\/highlights\/wp-content\/uploads\/2021\/09\/gigi-hadid-met-gala-red-hair--1536x1024.jpg 1536w, https:\/\/getts.ro\/highlights\/wp-content\/uploads\/2021\/09\/gigi-hadid-met-gala-red-hair--2048x1365.jpg 2048w\" sizes=\"auto, (max-width: 2180px) 100vw, 2180px\" \/><\/a>\n\t\t\t<\/dt>\n\t\t\t\t<dd class='wp-caption-text gallery-caption' id='gallery-2-10165'>\n\t\t\t\tGigi Hadid\n\t\t\t\t<\/dd><\/dl><dl class='gallery-item'>\n\t\t\t<dt class='gallery-icon landscape'>\n\t\t\t\t<a href='https:\/\/getts.ro\/highlights\/wp-content\/uploads\/2021\/09\/kendall_jenner_6.jpg'><img loading=\"lazy\" decoding=\"async\" width=\"1200\" height=\"900\" src=\"https:\/\/getts.ro\/highlights\/wp-content\/uploads\/2021\/09\/kendall_jenner_6.jpg\" class=\"attachment-full size-full\" alt=\"Makeup inspiration: Aparitiile de la Met Gala\" aria-describedby=\"gallery-2-10167\" srcset=\"https:\/\/getts.ro\/highlights\/wp-content\/uploads\/2021\/09\/kendall_jenner_6.jpg 1200w, https:\/\/getts.ro\/highlights\/wp-content\/uploads\/2021\/09\/kendall_jenner_6-300x225.jpg 300w, https:\/\/getts.ro\/highlights\/wp-content\/uploads\/2021\/09\/kendall_jenner_6-1024x768.jpg 1024w, https:\/\/getts.ro\/highlights\/wp-content\/uploads\/2021\/09\/kendall_jenner_6-768x576.jpg 768w\" sizes=\"auto, (max-width: 1200px) 100vw, 1200px\" \/><\/a>\n\t\t\t<\/dt>\n\t\t\t\t<dd class='wp-caption-text gallery-caption' id='gallery-2-10167'>\n\t\t\t\tKendall Jenner\n\t\t\t\t<\/dd><\/dl><br style=\"clear: both\" \/>\n\t\t<\/div>\n\n<div id='gallery-3' class='gallery galleryid-10159 gallery-columns-3 gallery-size-full'><dl class='gallery-item'>\n\t\t\t<dt class='gallery-icon portrait'>\n\t\t\t\t<a href='https:\/\/getts.ro\/highlights\/wp-content\/uploads\/2021\/09\/Emily-Blunt-Met-Gala-2021-Red-Carpet-Fashion-Miu-Miu-Messika-Tom-Lorenzo-Site-5.jpg'><img loading=\"lazy\" decoding=\"async\" width=\"600\" height=\"900\" src=\"https:\/\/getts.ro\/highlights\/wp-content\/uploads\/2021\/09\/Emily-Blunt-Met-Gala-2021-Red-Carpet-Fashion-Miu-Miu-Messika-Tom-Lorenzo-Site-5.jpg\" class=\"attachment-full size-full\" alt=\"Makeup inspiration: Aparitiile de la Met Gala\" aria-describedby=\"gallery-3-10164\" srcset=\"https:\/\/getts.ro\/highlights\/wp-content\/uploads\/2021\/09\/Emily-Blunt-Met-Gala-2021-Red-Carpet-Fashion-Miu-Miu-Messika-Tom-Lorenzo-Site-5.jpg 600w, https:\/\/getts.ro\/highlights\/wp-content\/uploads\/2021\/09\/Emily-Blunt-Met-Gala-2021-Red-Carpet-Fashion-Miu-Miu-Messika-Tom-Lorenzo-Site-5-200x300.jpg 200w\" sizes=\"auto, (max-width: 600px) 100vw, 600px\" \/><\/a>\n\t\t\t<\/dt>\n\t\t\t\t<dd class='wp-caption-text gallery-caption' id='gallery-3-10164'>\n\t\t\t\tEmily Blunt\n\t\t\t\t<\/dd><\/dl><dl class='gallery-item'>\n\t\t\t<dt class='gallery-icon portrait'>\n\t\t\t\t<a href='https:\/\/getts.ro\/highlights\/wp-content\/uploads\/2021\/09\/descarcare.jpg'><img loading=\"lazy\" decoding=\"async\" width=\"191\" height=\"263\" src=\"https:\/\/getts.ro\/highlights\/wp-content\/uploads\/2021\/09\/descarcare.jpg\" class=\"attachment-full size-full\" alt=\"Makeup inspiration: Aparitiile de la Met Gala\" aria-describedby=\"gallery-3-10160\" \/><\/a>\n\t\t\t<\/dt>\n\t\t\t\t<dd class='wp-caption-text gallery-caption' id='gallery-3-10160'>\n\t\t\t\tKaia Gerber\n\t\t\t\t<\/dd><\/dl><dl class='gallery-item'>\n\t\t\t<dt class='gallery-icon portrait'>\n\t\t\t\t<a href='https:\/\/getts.ro\/highlights\/wp-content\/uploads\/2021\/09\/Maisie2520Williams2520bleached2520brows2520met2520gala.jpg'><img loading=\"lazy\" decoding=\"async\" width=\"1600\" height=\"2400\" src=\"https:\/\/getts.ro\/highlights\/wp-content\/uploads\/2021\/09\/Maisie2520Williams2520bleached2520brows2520met2520gala.jpg\" class=\"attachment-full size-full\" alt=\"Makeup inspiration: Aparitiile de la Met Gala\" aria-describedby=\"gallery-3-10161\" srcset=\"https:\/\/getts.ro\/highlights\/wp-content\/uploads\/2021\/09\/Maisie2520Williams2520bleached2520brows2520met2520gala.jpg 1600w, https:\/\/getts.ro\/highlights\/wp-content\/uploads\/2021\/09\/Maisie2520Williams2520bleached2520brows2520met2520gala-200x300.jpg 200w, https:\/\/getts.ro\/highlights\/wp-content\/uploads\/2021\/09\/Maisie2520Williams2520bleached2520brows2520met2520gala-683x1024.jpg 683w, https:\/\/getts.ro\/highlights\/wp-content\/uploads\/2021\/09\/Maisie2520Williams2520bleached2520brows2520met2520gala-768x1152.jpg 768w, https:\/\/getts.ro\/highlights\/wp-content\/uploads\/2021\/09\/Maisie2520Williams2520bleached2520brows2520met2520gala-1024x1536.jpg 1024w, https:\/\/getts.ro\/highlights\/wp-content\/uploads\/2021\/09\/Maisie2520Williams2520bleached2520brows2520met2520gala-1365x2048.jpg 1365w\" sizes=\"auto, (max-width: 1600px) 100vw, 1600px\" \/><\/a>\n\t\t\t<\/dt>\n\t\t\t\t<dd class='wp-caption-text gallery-caption' id='gallery-3-10161'>\n\t\t\t\tMaisie Williams\n\t\t\t\t<\/dd><\/dl><br style=\"clear: both\" \/>\n\t\t<\/div>\n\n<div id='gallery-4' class='gallery galleryid-10159 gallery-columns-3 gallery-size-full'><dl class='gallery-item'>\n\t\t\t<dt class='gallery-icon portrait'>\n\t\t\t\t<a href='https:\/\/getts.ro\/highlights\/wp-content\/uploads\/2021\/09\/292bcda77bc9f7b4353ae710ee7bbcc2.jpg'><img loading=\"lazy\" decoding=\"async\" width=\"640\" height=\"768\" src=\"https:\/\/getts.ro\/highlights\/wp-content\/uploads\/2021\/09\/292bcda77bc9f7b4353ae710ee7bbcc2.jpg\" class=\"attachment-full size-full\" alt=\"Makeup inspiration: Aparitiile de la Met Gala\" aria-describedby=\"gallery-4-10168\" srcset=\"https:\/\/getts.ro\/highlights\/wp-content\/uploads\/2021\/09\/292bcda77bc9f7b4353ae710ee7bbcc2.jpg 640w, https:\/\/getts.ro\/highlights\/wp-content\/uploads\/2021\/09\/292bcda77bc9f7b4353ae710ee7bbcc2-250x300.jpg 250w\" sizes=\"auto, (max-width: 640px) 100vw, 640px\" \/><\/a>\n\t\t\t<\/dt>\n\t\t\t\t<dd class='wp-caption-text gallery-caption' id='gallery-4-10168'>\n\t\t\t\tQuannah Chasinghorse\n\t\t\t\t<\/dd><\/dl><dl class='gallery-item'>\n\t\t\t<dt class='gallery-icon portrait'>\n\t\t\t\t<a href='https:\/\/getts.ro\/highlights\/wp-content\/uploads\/2021\/09\/sub-buzz-1263-1631579735-1.jpg'><img loading=\"lazy\" decoding=\"async\" width=\"683\" height=\"1024\" src=\"https:\/\/getts.ro\/highlights\/wp-content\/uploads\/2021\/09\/sub-buzz-1263-1631579735-1.jpg\" class=\"attachment-full size-full\" alt=\"Makeup inspiration: Aparitiile de la Met Gala\" aria-describedby=\"gallery-4-10163\" srcset=\"https:\/\/getts.ro\/highlights\/wp-content\/uploads\/2021\/09\/sub-buzz-1263-1631579735-1.jpg 683w, https:\/\/getts.ro\/highlights\/wp-content\/uploads\/2021\/09\/sub-buzz-1263-1631579735-1-200x300.jpg 200w\" sizes=\"auto, (max-width: 683px) 100vw, 683px\" \/><\/a>\n\t\t\t<\/dt>\n\t\t\t\t<dd class='wp-caption-text gallery-caption' id='gallery-4-10163'>\n\t\t\t\tMegan Fox\n\t\t\t\t<\/dd><\/dl><dl class='gallery-item'>\n\t\t\t<dt class='gallery-icon portrait'>\n\t\t\t\t<a href='https:\/\/getts.ro\/highlights\/wp-content\/uploads\/2021\/09\/zo-c3-ab-kravitz-attends-the-2021-met-gala-celebrating-in-news-photo-1631585234.jpg'><img loading=\"lazy\" decoding=\"async\" width=\"640\" height=\"704\" src=\"https:\/\/getts.ro\/highlights\/wp-content\/uploads\/2021\/09\/zo-c3-ab-kravitz-attends-the-2021-met-gala-celebrating-in-news-photo-1631585234.jpg\" class=\"attachment-full size-full\" alt=\"Makeup inspiration: Aparitiile de la Met Gala\" aria-describedby=\"gallery-4-10162\" srcset=\"https:\/\/getts.ro\/highlights\/wp-content\/uploads\/2021\/09\/zo-c3-ab-kravitz-attends-the-2021-met-gala-celebrating-in-news-photo-1631585234.jpg 640w, https:\/\/getts.ro\/highlights\/wp-content\/uploads\/2021\/09\/zo-c3-ab-kravitz-attends-the-2021-met-gala-celebrating-in-news-photo-1631585234-273x300.jpg 273w\" sizes=\"auto, (max-width: 640px) 100vw, 640px\" \/><\/a>\n\t\t\t<\/dt>\n\t\t\t\t<dd class='wp-caption-text gallery-caption' id='gallery-4-10162'>\n\t\t\t\tZoe Kravitz\n\t\t\t\t<\/dd><\/dl><br style=\"clear: both\" \/>\n\t\t<\/div>\n\n<div id='gallery-5' class='gallery galleryid-10159 gallery-columns-3 gallery-size-full'><dl class='gallery-item'>\n\t\t\t<dt class='gallery-icon portrait'>\n\t\t\t\t<a href='https:\/\/getts.ro\/highlights\/wp-content\/uploads\/2021\/09\/met-gala-2021-makeup-ecomm-lupita-nyongo.jpg'><img loading=\"lazy\" decoding=\"async\" width=\"1600\" height=\"2000\" src=\"https:\/\/getts.ro\/highlights\/wp-content\/uploads\/2021\/09\/met-gala-2021-makeup-ecomm-lupita-nyongo.jpg\" class=\"attachment-full size-full\" alt=\"Quannah Chasinghorse\" aria-describedby=\"gallery-5-10171\" srcset=\"https:\/\/getts.ro\/highlights\/wp-content\/uploads\/2021\/09\/met-gala-2021-makeup-ecomm-lupita-nyongo.jpg 1600w, https:\/\/getts.ro\/highlights\/wp-content\/uploads\/2021\/09\/met-gala-2021-makeup-ecomm-lupita-nyongo-240x300.jpg 240w, https:\/\/getts.ro\/highlights\/wp-content\/uploads\/2021\/09\/met-gala-2021-makeup-ecomm-lupita-nyongo-819x1024.jpg 819w, https:\/\/getts.ro\/highlights\/wp-content\/uploads\/2021\/09\/met-gala-2021-makeup-ecomm-lupita-nyongo-768x960.jpg 768w, https:\/\/getts.ro\/highlights\/wp-content\/uploads\/2021\/09\/met-gala-2021-makeup-ecomm-lupita-nyongo-1229x1536.jpg 1229w\" sizes=\"auto, (max-width: 1600px) 100vw, 1600px\" \/><\/a>\n\t\t\t<\/dt>\n\t\t\t\t<dd class='wp-caption-text gallery-caption' id='gallery-5-10171'>\n\t\t\t\tLupita N&#8217;yongo \n\t\t\t\t<\/dd><\/dl><dl class='gallery-item'>\n\t\t\t<dt class='gallery-icon portrait'>\n\t\t\t\t<a href='https:\/\/getts.ro\/highlights\/wp-content\/uploads\/2021\/09\/met-gala-2021-makeup-ecomm-leslie-grace.jpg'><img loading=\"lazy\" decoding=\"async\" width=\"1600\" height=\"2000\" src=\"https:\/\/getts.ro\/highlights\/wp-content\/uploads\/2021\/09\/met-gala-2021-makeup-ecomm-leslie-grace.jpg\" class=\"attachment-full size-full\" alt=\"Quannah Chasinghorse\" aria-describedby=\"gallery-5-10170\" srcset=\"https:\/\/getts.ro\/highlights\/wp-content\/uploads\/2021\/09\/met-gala-2021-makeup-ecomm-leslie-grace.jpg 1600w, https:\/\/getts.ro\/highlights\/wp-content\/uploads\/2021\/09\/met-gala-2021-makeup-ecomm-leslie-grace-240x300.jpg 240w, https:\/\/getts.ro\/highlights\/wp-content\/uploads\/2021\/09\/met-gala-2021-makeup-ecomm-leslie-grace-819x1024.jpg 819w, https:\/\/getts.ro\/highlights\/wp-content\/uploads\/2021\/09\/met-gala-2021-makeup-ecomm-leslie-grace-768x960.jpg 768w, https:\/\/getts.ro\/highlights\/wp-content\/uploads\/2021\/09\/met-gala-2021-makeup-ecomm-leslie-grace-1229x1536.jpg 1229w\" sizes=\"auto, (max-width: 1600px) 100vw, 1600px\" \/><\/a>\n\t\t\t<\/dt>\n\t\t\t\t<dd class='wp-caption-text gallery-caption' id='gallery-5-10170'>\n\t\t\t\tLeslie Grace\n\t\t\t\t<\/dd><\/dl><dl class='gallery-item'>\n\t\t\t<dt class='gallery-icon portrait'>\n\t\t\t\t<a href='https:\/\/getts.ro\/highlights\/wp-content\/uploads\/2021\/09\/met-gala-2021-makeup-ecomm-naomi-osaka.jpg'><img loading=\"lazy\" decoding=\"async\" width=\"1472\" height=\"1841\" src=\"https:\/\/getts.ro\/highlights\/wp-content\/uploads\/2021\/09\/met-gala-2021-makeup-ecomm-naomi-osaka.jpg\" class=\"attachment-full size-full\" alt=\"Quannah Chasinghorse\" aria-describedby=\"gallery-5-10169\" srcset=\"https:\/\/getts.ro\/highlights\/wp-content\/uploads\/2021\/09\/met-gala-2021-makeup-ecomm-naomi-osaka.jpg 1472w, https:\/\/getts.ro\/highlights\/wp-content\/uploads\/2021\/09\/met-gala-2021-makeup-ecomm-naomi-osaka-240x300.jpg 240w, https:\/\/getts.ro\/highlights\/wp-content\/uploads\/2021\/09\/met-gala-2021-makeup-ecomm-naomi-osaka-819x1024.jpg 819w, https:\/\/getts.ro\/highlights\/wp-content\/uploads\/2021\/09\/met-gala-2021-makeup-ecomm-naomi-osaka-768x961.jpg 768w, https:\/\/getts.ro\/highlights\/wp-content\/uploads\/2021\/09\/met-gala-2021-makeup-ecomm-naomi-osaka-1228x1536.jpg 1228w\" sizes=\"auto, (max-width: 1472px) 100vw, 1472px\" \/><\/a>\n\t\t\t<\/dt>\n\t\t\t\t<dd class='wp-caption-text gallery-caption' id='gallery-5-10169'>\n\t\t\t\tNaomi Osaka\n\t\t\t\t<\/dd><\/dl><br style=\"clear: both\" \/>\n\t\t<\/div>\n\n<hr \/>\n<p>Text: Mihaela Tudorache<\/p>\n<p>Imagini: Getty Images<\/p>\n<!-- AddThis Advanced Settings generic via filter on the_content --><!-- AddThis Share Buttons generic via filter on the_content -->","protected":false},"excerpt":{"rendered":"<p>Mult a\u0219teptata gal\u0103 a modei, Met Gala, a fost \u00een centrul aten\u021biei \u00eentreaga s\u0103pt\u0103m\u00e2n\u0103. Apari\u021biile invita\u021bilor de renume vor r\u0103m\u00e2ne&#8230;<!-- AddThis Advanced Settings generic via filter on get_the_excerpt --><!-- AddThis Share Buttons generic via filter on get_the_excerpt --><\/p>\n","protected":false},"author":1,"featured_media":10175,"comment_status":"closed","ping_status":"closed","sticky":false,"template":"","format":"standard","meta":{"footnotes":""},"categories":[14,17],"tags":[48,44,166,536,173,863],"class_list":["post-10159","post","type-post","status-publish","format-standard","has-post-thumbnail","hentry","category-international","category-news","tag-getts","tag-getts-highlights-magazine","tag-makeup","tag-met-gala","tag-red-carpet","tag-the-met"],"yoast_head":"<!-- This site is optimized with the Yoast SEO plugin v24.3 - https:\/\/yoast.com\/wordpress\/plugins\/seo\/ -->\n<title>Makeup inspiration: Aparitiile de la Met Gala - GETT&#039;S Highlights<\/title>\n<meta name=\"description\" content=\"Makeup inspiration: Aparitiile de la Met Gala\" \/>\n<meta name=\"robots\" content=\"index, follow, max-snippet:-1, max-image-preview:large, max-video-preview:-1\" \/>\n<link rel=\"canonical\" href=\"https:\/\/www.getts.ro\/highlights\/makeup-inspiration-aparitiile-de-la-met-gala\/\" \/>\n<meta property=\"og:locale\" content=\"en_US\" \/>\n<meta property=\"og:type\" content=\"article\" \/>\n<meta property=\"og:title\" content=\"Makeup inspiration: Aparitiile de la Met Gala - GETT&#039;S Highlights\" \/>\n<meta property=\"og:description\" content=\"Makeup inspiration: Aparitiile de la Met Gala\" \/>\n<meta property=\"og:url\" content=\"https:\/\/www.getts.ro\/highlights\/makeup-inspiration-aparitiile-de-la-met-gala\/\" \/>\n<meta property=\"og:site_name\" content=\"GETT&#039;S Highlights\" \/>\n<meta property=\"article:published_time\" content=\"2021-09-17T11:26:20+00:00\" \/>\n<meta property=\"og:image\" content=\"https:\/\/getts.ro\/highlights\/wp-content\/uploads\/2021\/09\/Untitled-collage-2021-09-17T142534.680.jpg\" \/>\n\t<meta property=\"og:image:width\" content=\"900\" \/>\n\t<meta property=\"og:image:height\" content=\"511\" \/>\n\t<meta property=\"og:image:type\" content=\"image\/jpeg\" \/>\n<meta name=\"author\" content=\"admin\" \/>\n<meta name=\"twitter:card\" content=\"summary_large_image\" \/>\n<meta name=\"twitter:label1\" content=\"Written by\" \/>\n\t<meta name=\"twitter:data1\" content=\"admin\" \/>\n\t<meta name=\"twitter:label2\" content=\"Est. reading time\" \/>\n\t<meta name=\"twitter:data2\" content=\"1 minute\" \/>\n<script type=\"application\/ld+json\" class=\"yoast-schema-graph\">{\"@context\":\"https:\/\/schema.org\",\"@graph\":[{\"@type\":\"WebPage\",\"@id\":\"https:\/\/www.getts.ro\/highlights\/makeup-inspiration-aparitiile-de-la-met-gala\/\",\"url\":\"https:\/\/www.getts.ro\/highlights\/makeup-inspiration-aparitiile-de-la-met-gala\/\",\"name\":\"Makeup inspiration: Aparitiile de la Met Gala - GETT&#039;S Highlights\",\"isPartOf\":{\"@id\":\"https:\/\/www.getts.ro\/highlights\/#website\"},\"primaryImageOfPage\":{\"@id\":\"https:\/\/www.getts.ro\/highlights\/makeup-inspiration-aparitiile-de-la-met-gala\/#primaryimage\"},\"image\":{\"@id\":\"https:\/\/www.getts.ro\/highlights\/makeup-inspiration-aparitiile-de-la-met-gala\/#primaryimage\"},\"thumbnailUrl\":\"https:\/\/getts.ro\/highlights\/wp-content\/uploads\/2021\/09\/Untitled-collage-2021-09-17T142534.680.jpg\",\"datePublished\":\"2021-09-17T11:26:20+00:00\",\"dateModified\":\"2021-09-17T11:26:20+00:00\",\"author\":{\"@id\":\"https:\/\/www.getts.ro\/highlights\/#\/schema\/person\/227b6821cfa1a7eff96f7fe69d73ad5d\"},\"description\":\"Makeup inspiration: Aparitiile de la Met Gala\",\"breadcrumb\":{\"@id\":\"https:\/\/www.getts.ro\/highlights\/makeup-inspiration-aparitiile-de-la-met-gala\/#breadcrumb\"},\"inLanguage\":\"en-US\",\"potentialAction\":[{\"@type\":\"ReadAction\",\"target\":[\"https:\/\/www.getts.ro\/highlights\/makeup-inspiration-aparitiile-de-la-met-gala\/\"]}]},{\"@type\":\"ImageObject\",\"inLanguage\":\"en-US\",\"@id\":\"https:\/\/www.getts.ro\/highlights\/makeup-inspiration-aparitiile-de-la-met-gala\/#primaryimage\",\"url\":\"https:\/\/getts.ro\/highlights\/wp-content\/uploads\/2021\/09\/Untitled-collage-2021-09-17T142534.680.jpg\",\"contentUrl\":\"https:\/\/getts.ro\/highlights\/wp-content\/uploads\/2021\/09\/Untitled-collage-2021-09-17T142534.680.jpg\",\"width\":900,\"height\":511,\"caption\":\"Makeup inspiration: Aparitiile de la Met Gala\"},{\"@type\":\"BreadcrumbList\",\"@id\":\"https:\/\/www.getts.ro\/highlights\/makeup-inspiration-aparitiile-de-la-met-gala\/#breadcrumb\",\"itemListElement\":[{\"@type\":\"ListItem\",\"position\":1,\"name\":\"Home\",\"item\":\"https:\/\/www.getts.ro\/highlights\/\"},{\"@type\":\"ListItem\",\"position\":2,\"name\":\"Makeup inspiration: Aparitiile de la Met Gala\"}]},{\"@type\":\"WebSite\",\"@id\":\"https:\/\/www.getts.ro\/highlights\/#website\",\"url\":\"https:\/\/www.getts.ro\/highlights\/\",\"name\":\"GETT&#039;S Highlights\",\"description\":\"\",\"potentialAction\":[{\"@type\":\"SearchAction\",\"target\":{\"@type\":\"EntryPoint\",\"urlTemplate\":\"https:\/\/www.getts.ro\/highlights\/?s={search_term_string}\"},\"query-input\":{\"@type\":\"PropertyValueSpecification\",\"valueRequired\":true,\"valueName\":\"search_term_string\"}}],\"inLanguage\":\"en-US\"},{\"@type\":\"Person\",\"@id\":\"https:\/\/www.getts.ro\/highlights\/#\/schema\/person\/227b6821cfa1a7eff96f7fe69d73ad5d\",\"name\":\"admin\",\"image\":{\"@type\":\"ImageObject\",\"inLanguage\":\"en-US\",\"@id\":\"https:\/\/www.getts.ro\/highlights\/#\/schema\/person\/image\/\",\"url\":\"https:\/\/secure.gravatar.com\/avatar\/e16ffa47ceab26fc5e496b00edde61b0?s=96&d=mm&r=g\",\"contentUrl\":\"https:\/\/secure.gravatar.com\/avatar\/e16ffa47ceab26fc5e496b00edde61b0?s=96&d=mm&r=g\",\"caption\":\"admin\"},\"url\":\"https:\/\/www.getts.ro\/highlights\/author\/admin\/\"}]}<\/script>\n<!-- \/ Yoast SEO plugin. -->","yoast_head_json":{"title":"Makeup inspiration: Aparitiile de la Met Gala - GETT&#039;S Highlights","description":"Makeup inspiration: Aparitiile de la Met Gala","robots":{"index":"index","follow":"follow","max-snippet":"max-snippet:-1","max-image-preview":"max-image-preview:large","max-video-preview":"max-video-preview:-1"},"canonical":"https:\/\/www.getts.ro\/highlights\/makeup-inspiration-aparitiile-de-la-met-gala\/","og_locale":"en_US","og_type":"article","og_title":"Makeup inspiration: Aparitiile de la Met Gala - GETT&#039;S Highlights","og_description":"Makeup inspiration: Aparitiile de la Met Gala","og_url":"https:\/\/www.getts.ro\/highlights\/makeup-inspiration-aparitiile-de-la-met-gala\/","og_site_name":"GETT&#039;S Highlights","article_published_time":"2021-09-17T11:26:20+00:00","og_image":[{"width":900,"height":511,"url":"https:\/\/getts.ro\/highlights\/wp-content\/uploads\/2021\/09\/Untitled-collage-2021-09-17T142534.680.jpg","type":"image\/jpeg"}],"author":"admin","twitter_card":"summary_large_image","twitter_misc":{"Written by":"admin","Est. reading time":"1 minute"},"schema":{"@context":"https:\/\/schema.org","@graph":[{"@type":"WebPage","@id":"https:\/\/www.getts.ro\/highlights\/makeup-inspiration-aparitiile-de-la-met-gala\/","url":"https:\/\/www.getts.ro\/highlights\/makeup-inspiration-aparitiile-de-la-met-gala\/","name":"Makeup inspiration: Aparitiile de la Met Gala - GETT&#039;S Highlights","isPartOf":{"@id":"https:\/\/www.getts.ro\/highlights\/#website"},"primaryImageOfPage":{"@id":"https:\/\/www.getts.ro\/highlights\/makeup-inspiration-aparitiile-de-la-met-gala\/#primaryimage"},"image":{"@id":"https:\/\/www.getts.ro\/highlights\/makeup-inspiration-aparitiile-de-la-met-gala\/#primaryimage"},"thumbnailUrl":"https:\/\/getts.ro\/highlights\/wp-content\/uploads\/2021\/09\/Untitled-collage-2021-09-17T142534.680.jpg","datePublished":"2021-09-17T11:26:20+00:00","dateModified":"2021-09-17T11:26:20+00:00","author":{"@id":"https:\/\/www.getts.ro\/highlights\/#\/schema\/person\/227b6821cfa1a7eff96f7fe69d73ad5d"},"description":"Makeup inspiration: Aparitiile de la Met Gala","breadcrumb":{"@id":"https:\/\/www.getts.ro\/highlights\/makeup-inspiration-aparitiile-de-la-met-gala\/#breadcrumb"},"inLanguage":"en-US","potentialAction":[{"@type":"ReadAction","target":["https:\/\/www.getts.ro\/highlights\/makeup-inspiration-aparitiile-de-la-met-gala\/"]}]},{"@type":"ImageObject","inLanguage":"en-US","@id":"https:\/\/www.getts.ro\/highlights\/makeup-inspiration-aparitiile-de-la-met-gala\/#primaryimage","url":"https:\/\/getts.ro\/highlights\/wp-content\/uploads\/2021\/09\/Untitled-collage-2021-09-17T142534.680.jpg","contentUrl":"https:\/\/getts.ro\/highlights\/wp-content\/uploads\/2021\/09\/Untitled-collage-2021-09-17T142534.680.jpg","width":900,"height":511,"caption":"Makeup inspiration: Aparitiile de la Met Gala"},{"@type":"BreadcrumbList","@id":"https:\/\/www.getts.ro\/highlights\/makeup-inspiration-aparitiile-de-la-met-gala\/#breadcrumb","itemListElement":[{"@type":"ListItem","position":1,"name":"Home","item":"https:\/\/www.getts.ro\/highlights\/"},{"@type":"ListItem","position":2,"name":"Makeup inspiration: Aparitiile de la Met Gala"}]},{"@type":"WebSite","@id":"https:\/\/www.getts.ro\/highlights\/#website","url":"https:\/\/www.getts.ro\/highlights\/","name":"GETT&#039;S Highlights","description":"","potentialAction":[{"@type":"SearchAction","target":{"@type":"EntryPoint","urlTemplate":"https:\/\/www.getts.ro\/highlights\/?s={search_term_string}"},"query-input":{"@type":"PropertyValueSpecification","valueRequired":true,"valueName":"search_term_string"}}],"inLanguage":"en-US"},{"@type":"Person","@id":"https:\/\/www.getts.ro\/highlights\/#\/schema\/person\/227b6821cfa1a7eff96f7fe69d73ad5d","name":"admin","image":{"@type":"ImageObject","inLanguage":"en-US","@id":"https:\/\/www.getts.ro\/highlights\/#\/schema\/person\/image\/","url":"https:\/\/secure.gravatar.com\/avatar\/e16ffa47ceab26fc5e496b00edde61b0?s=96&d=mm&r=g","contentUrl":"https:\/\/secure.gravatar.com\/avatar\/e16ffa47ceab26fc5e496b00edde61b0?s=96&d=mm&r=g","caption":"admin"},"url":"https:\/\/www.getts.ro\/highlights\/author\/admin\/"}]}},"_links":{"self":[{"href":"https:\/\/www.getts.ro\/highlights\/wp-json\/wp\/v2\/posts\/10159","targetHints":{"allow":["GET"]}}],"collection":[{"href":"https:\/\/www.getts.ro\/highlights\/wp-json\/wp\/v2\/posts"}],"about":[{"href":"https:\/\/www.getts.ro\/highlights\/wp-json\/wp\/v2\/types\/post"}],"author":[{"embeddable":true,"href":"https:\/\/www.getts.ro\/highlights\/wp-json\/wp\/v2\/users\/1"}],"replies":[{"embeddable":true,"href":"https:\/\/www.getts.ro\/highlights\/wp-json\/wp\/v2\/comments?post=10159"}],"version-history":[{"count":1,"href":"https:\/\/www.getts.ro\/highlights\/wp-json\/wp\/v2\/posts\/10159\/revisions"}],"predecessor-version":[{"id":10176,"href":"https:\/\/www.getts.ro\/highlights\/wp-json\/wp\/v2\/posts\/10159\/revisions\/10176"}],"wp:featuredmedia":[{"embeddable":true,"href":"https:\/\/www.getts.ro\/highlights\/wp-json\/wp\/v2\/media\/10175"}],"wp:attachment":[{"href":"https:\/\/www.getts.ro\/highlights\/wp-json\/wp\/v2\/media?parent=10159"}],"wp:term":[{"taxonomy":"category","embeddable":true,"href":"https:\/\/www.getts.ro\/highlights\/wp-json\/wp\/v2\/categories?post=10159"},{"taxonomy":"post_tag","embeddable":true,"href":"https:\/\/www.getts.ro\/highlights\/wp-json\/wp\/v2\/tags?post=10159"}],"curies":[{"name":"wp","href":"https:\/\/api.w.org\/{rel}","templated":true}]}}